{"id":134294,"date":"2020-06-26T14:52:13","date_gmt":"2020-06-26T12:52:13","guid":{"rendered":"http:\/\/polishscience.pl\/?p=134294"},"modified":"2020-06-26T14:52:13","modified_gmt":"2020-06-26T12:52:13","slug":"le-webinaire-sur-la-propagande-et-la-desinformation-russes","status":"publish","type":"post","link":"https:\/\/www.polishscience.pl\/fr\/le-webinaire-sur-la-propagande-et-la-desinformation-russes\/","title":{"rendered":"Le webinaire sur la propagande et la d\u00e9sinformation russes"},"content":{"rendered":"<p><strong>Le \u00ab\u00a0Laboratoire de recherche sur la propagande et la d\u00e9sinformation\u00a0\u00bb de l&rsquo;Institut de Science Politique et d&rsquo;Administration, la Facult\u00e9 de Science Oolitique et de Journalisme de l&rsquo;Universit\u00e9 Maria Curie-Sk\u0142odowska (UMCS) de Lublin ont organis\u00e9 un webinaire international consacr\u00e9 \u00e0 la propagande et \u00e0 la d\u00e9sinformation russes dans l&rsquo;espace d&rsquo;information polonais et ukrainien.<\/strong><\/p>\n<p>Des experts ont \u00e9t\u00e9 invit\u00e9s \u00e0 participer au webinaire : Dmytra Zo\u0142otuchina, vice-ministre du minist\u00e8re de la Politique de l&rsquo;Information de l&rsquo;Ukraine en 2017-2019 et le docteur Adam Lelonek, analyste polonais de la propagande et de la d\u00e9sinformation, pr\u00e9sident de la Fondation du Centre d&rsquo;Analyse de la Propagande et de la D\u00e9sinformation.<\/p>\n<p>La discussion a \u00e9t\u00e9 d\u00e9clench\u00e9e par des conf\u00e9rences donn\u00e9es par des experts : \u00ab\u00a0Le livre blanc sur les op\u00e9rations sp\u00e9ciales d&rsquo;information pour l&rsquo;Ukraine en 2014-2018 et la propagande et la d\u00e9sinformation de la F\u00e9d\u00e9ration de Russie en Pologne.<\/p>\n<p>La discussion a port\u00e9 sur un certain nombre de questions concernant la th\u00e9orie et la m\u00e9thodologie de la recherche sur la propagande et la d\u00e9sinformation de la F\u00e9d\u00e9ration de Russie. En outre, les op\u00e9rations d&rsquo;information men\u00e9es par la Russie \u00e0 l&rsquo;\u00e9gard de la Pologne et de l&rsquo;Ukraine ont \u00e9t\u00e9 analys\u00e9es.<\/p>\n","protected":false},"excerpt":{"rendered":"<p>Le \u00ab\u00a0Laboratoire de recherche sur la propagande et la d\u00e9sinformation\u00a0\u00bb de l&rsquo;Institut de Science Politique et d&rsquo;Administration, la Facult\u00e9 de Science Oolitique et de Journalisme de l&rsquo;Universit\u00e9 Maria Curie-Sk\u0142odowska (UMCS) de Lublin ont organis\u00e9 un webinaire international consacr\u00e9 \u00e0 la propagande et \u00e0 la d\u00e9sinformation russes dans l&rsquo;espace d&rsquo;information polonais et ukrainien. Des experts ont [&hellip;]<\/p>\n","protected":false},"author":11,"featured_media":0,"comment_status":"closed","ping_status":"closed","sticky":false,"template":"","format":"standard","meta":[],"categories":[41],"tags":[],"_links":{"self":[{"href":"https:\/\/www.polishscience.pl\/fr\/wp-json\/wp\/v2\/posts\/134294"}],"collection":[{"href":"https:\/\/www.polishscience.pl\/fr\/wp-json\/wp\/v2\/posts"}],"about":[{"href":"https:\/\/www.polishscience.pl\/fr\/wp-json\/wp\/v2\/types\/post"}],"author":[{"embeddable":true,"href":"https:\/\/www.polishscience.pl\/fr\/wp-json\/wp\/v2\/users\/11"}],"replies":[{"embeddable":true,"href":"https:\/\/www.polishscience.pl\/fr\/wp-json\/wp\/v2\/comments?post=134294"}],"version-history":[{"count":0,"href":"https:\/\/www.polishscience.pl\/fr\/wp-json\/wp\/v2\/posts\/134294\/revisions"}],"wp:attachment":[{"href":"https:\/\/www.polishscience.pl\/fr\/wp-json\/wp\/v2\/media?parent=134294"}],"wp:term":[{"taxonomy":"category","embeddable":true,"href":"https:\/\/www.polishscience.pl\/fr\/wp-json\/wp\/v2\/categories?post=134294"},{"taxonomy":"post_tag","embeddable":true,"href":"https:\/\/www.polishscience.pl\/fr\/wp-json\/wp\/v2\/tags?post=134294"}],"curies":[{"name":"wp","href":"https:\/\/api.w.org\/{rel}","templated":true}]}}