{"id":134290,"date":"2020-06-26T13:45:23","date_gmt":"2020-06-26T11:45:23","guid":{"rendered":"http:\/\/polishscience.pl\/?p=134290"},"modified":"2020-06-26T13:45:23","modified_gmt":"2020-06-26T11:45:23","slug":"luniversite-de-varsovie-envisage-de-reporter-le-debut-des-cours-de-lannee-academique-2020-21","status":"publish","type":"post","link":"https:\/\/www.polishscience.pl\/fr\/luniversite-de-varsovie-envisage-de-reporter-le-debut-des-cours-de-lannee-academique-2020-21\/","title":{"rendered":"L&rsquo;Universit\u00e9 de Varsovie envisage de reporter le d\u00e9but des cours de l&rsquo;ann\u00e9e acad\u00e9mique 2020\/21"},"content":{"rendered":"<p><strong>Les autorit\u00e9s de l&rsquo;Universit\u00e9 de Varsovie (UW) envisagent de reporter le d\u00e9but des cours \u00e0 la prochaine ann\u00e9e universitaire. L&rsquo;inauguration officielle de l&rsquo;ann\u00e9e acad\u00e9mique 2020\/2021 aura lieu \u00e0 la date statutaire du 1er octobre 2020, mais les cours commenceront le 15 octobre.<\/strong><\/p>\n<p>La p\u00e9riode comprise entre le 1er et le 15 octobre 2020 sera consacr\u00e9e \u00e0 l&rsquo;ach\u00e8vement du processus de recrutement pour les \u00e9tudes et autres questions li\u00e9es \u00e0 la didactique, dont la r\u00e9solution est difficile en raison de la pand\u00e9mie, y compris la finalisation des th\u00e8ses.<\/p>\n<p>C&rsquo;est une solution simple. Gr\u00e2ce \u00e0 l&rsquo;\u00e9laboration d&rsquo;un calendrier appropri\u00e9, la prochaine ann\u00e9e universitaire a \u00e9t\u00e9 con\u00e7ue de telle sorte que nous \u00e9viterons g\u00e9n\u00e9ralement de reporter la fin du semestre d&rsquo;\u00e9t\u00e9\u00a0\u00bb, a d\u00e9clar\u00e9 le professeur Jolanta Choi\u0144ska-Mika, vice-recteur charg\u00e9 des \u00e9tudiants et de la qualit\u00e9 de l&rsquo;enseignement \u00e0 l&rsquo;universit\u00e9.<\/p>\n","protected":false},"excerpt":{"rendered":"<p>Les autorit\u00e9s de l&rsquo;Universit\u00e9 de Varsovie (UW) envisagent de reporter le d\u00e9but des cours \u00e0 la prochaine ann\u00e9e universitaire. L&rsquo;inauguration officielle de l&rsquo;ann\u00e9e acad\u00e9mique 2020\/2021 aura lieu \u00e0 la date statutaire du 1er octobre 2020, mais les cours commenceront le 15 octobre. La p\u00e9riode comprise entre le 1er et le 15 octobre 2020 sera consacr\u00e9e [&hellip;]<\/p>\n","protected":false},"author":11,"featured_media":0,"comment_status":"closed","ping_status":"closed","sticky":false,"template":"","format":"standard","meta":[],"categories":[35],"tags":[],"_links":{"self":[{"href":"https:\/\/www.polishscience.pl\/fr\/wp-json\/wp\/v2\/posts\/134290"}],"collection":[{"href":"https:\/\/www.polishscience.pl\/fr\/wp-json\/wp\/v2\/posts"}],"about":[{"href":"https:\/\/www.polishscience.pl\/fr\/wp-json\/wp\/v2\/types\/post"}],"author":[{"embeddable":true,"href":"https:\/\/www.polishscience.pl\/fr\/wp-json\/wp\/v2\/users\/11"}],"replies":[{"embeddable":true,"href":"https:\/\/www.polishscience.pl\/fr\/wp-json\/wp\/v2\/comments?post=134290"}],"version-history":[{"count":0,"href":"https:\/\/www.polishscience.pl\/fr\/wp-json\/wp\/v2\/posts\/134290\/revisions"}],"wp:attachment":[{"href":"https:\/\/www.polishscience.pl\/fr\/wp-json\/wp\/v2\/media?parent=134290"}],"wp:term":[{"taxonomy":"category","embeddable":true,"href":"https:\/\/www.polishscience.pl\/fr\/wp-json\/wp\/v2\/categories?post=134290"},{"taxonomy":"post_tag","embeddable":true,"href":"https:\/\/www.polishscience.pl\/fr\/wp-json\/wp\/v2\/tags?post=134290"}],"curies":[{"name":"wp","href":"https:\/\/api.w.org\/{rel}","templated":true}]}}