{"id":134288,"date":"2020-06-26T13:45:19","date_gmt":"2020-06-26T11:45:19","guid":{"rendered":"http:\/\/polishscience.pl\/?p=134288"},"modified":"2020-06-26T13:45:19","modified_gmt":"2020-06-26T11:45:19","slug":"des-scientifiques-polonais-sont-parmi-les-scientifiques-qui-reclament-une-fondation-humanitaire-europeenne","status":"publish","type":"post","link":"https:\/\/www.polishscience.pl\/fr\/des-scientifiques-polonais-sont-parmi-les-scientifiques-qui-reclament-une-fondation-humanitaire-europeenne\/","title":{"rendered":"Des scientifiques polonais sont parmi les scientifiques qui r\u00e9clament une fondation humanitaire europ\u00e9enne"},"content":{"rendered":"<p><strong>Quatre scientifiques polonais ont \u00e9t\u00e9 parmi les signataires d&rsquo;une lettre ouverte appelant \u00e0 la cr\u00e9ation d&rsquo;une fondation humanitaire europ\u00e9enne visant \u00e0 pr\u00e9venir et \u00e0 contrer les crises environnementales et sanitaires.<\/strong><\/p>\n<p>La lettre a \u00e9t\u00e9 publi\u00e9e le mercredi 24 juin sur le site web de la revue \u00ab\u00a0Nature\u00a0\u00bb. La lettre appelle \u00e0 la cr\u00e9ation d&rsquo;une fondation humanitaire europ\u00e9enne visant \u00e0 pr\u00e9venir et \u00e0 contrer les crises environnementales et sanitaires.<\/p>\n<p>La crise li\u00e9e \u00e0 l&rsquo;\u00e9pid\u00e9mie de COVID-19 a clairement montr\u00e9 que face \u00e0 la catastrophe, les syst\u00e8mes d&rsquo;administration publique des diff\u00e9rents pays sont souvent incapables de r\u00e9pondre de mani\u00e8re ad\u00e9quate et rapide \u00e0 l&rsquo;\u00e9chelle europ\u00e9enne aux besoins \u00e9mergents en mati\u00e8re d&rsquo;aide humanitaire, m\u00e9dicale ou de recherche &#8211; \u00e9crivent les universitaires.<\/p>\n<p>La lettre a \u00e9t\u00e9 sign\u00e9e par 75 scientifiques europ\u00e9ens de 15 pays, dont trois scientifiques de l&rsquo;Universit\u00e9 Jagellonne de Cracovie : le professeur J\u00f3zef Dulak, le professeur Jan Potempa, le professeur Krzysztof Pyr\u0107 et le professeur Ewa \u0141ojkowska de l&rsquo;Universit\u00e9 de Gda\u0144sk.<\/p>\n<p>Pour plus d\u2019informations:<\/p>\n<p><a href=\"https:\/\/www.nature.com\/articles\/d41586-020-01869-6?utm_source=feedburner&amp;utm_medium=feed&amp;utm_campaign=Feed%3A+nature%2Frss%2Fcurrent+%28Nature+-+Issue%29\">https:\/\/www.nature.com\/articles\/d41586-020-01869-6?utm_source=feedburner&amp;utm_medium=feed&amp;utm_campaign=Feed%3A+nature%2Frss%2Fcurrent+%28Nature+-+Issue%29<\/a><\/p>\n","protected":false},"excerpt":{"rendered":"<p>Quatre scientifiques polonais ont \u00e9t\u00e9 parmi les signataires d&rsquo;une lettre ouverte appelant \u00e0 la cr\u00e9ation d&rsquo;une fondation humanitaire europ\u00e9enne visant \u00e0 pr\u00e9venir et \u00e0 contrer les crises environnementales et sanitaires. La lettre a \u00e9t\u00e9 publi\u00e9e le mercredi 24 juin sur le site web de la revue \u00ab\u00a0Nature\u00a0\u00bb. La lettre appelle \u00e0 la cr\u00e9ation d&rsquo;une fondation [&hellip;]<\/p>\n","protected":false},"author":11,"featured_media":0,"comment_status":"closed","ping_status":"closed","sticky":false,"template":"","format":"standard","meta":[],"categories":[41],"tags":[],"_links":{"self":[{"href":"https:\/\/www.polishscience.pl\/fr\/wp-json\/wp\/v2\/posts\/134288"}],"collection":[{"href":"https:\/\/www.polishscience.pl\/fr\/wp-json\/wp\/v2\/posts"}],"about":[{"href":"https:\/\/www.polishscience.pl\/fr\/wp-json\/wp\/v2\/types\/post"}],"author":[{"embeddable":true,"href":"https:\/\/www.polishscience.pl\/fr\/wp-json\/wp\/v2\/users\/11"}],"replies":[{"embeddable":true,"href":"https:\/\/www.polishscience.pl\/fr\/wp-json\/wp\/v2\/comments?post=134288"}],"version-history":[{"count":0,"href":"https:\/\/www.polishscience.pl\/fr\/wp-json\/wp\/v2\/posts\/134288\/revisions"}],"wp:attachment":[{"href":"https:\/\/www.polishscience.pl\/fr\/wp-json\/wp\/v2\/media?parent=134288"}],"wp:term":[{"taxonomy":"category","embeddable":true,"href":"https:\/\/www.polishscience.pl\/fr\/wp-json\/wp\/v2\/categories?post=134288"},{"taxonomy":"post_tag","embeddable":true,"href":"https:\/\/www.polishscience.pl\/fr\/wp-json\/wp\/v2\/tags?post=134288"}],"curies":[{"name":"wp","href":"https:\/\/api.w.org\/{rel}","templated":true}]}}