{"id":133721,"date":"2020-06-23T16:40:25","date_gmt":"2020-06-23T14:40:25","guid":{"rendered":"http:\/\/polishscience.pl\/?p=133721"},"modified":"2020-06-23T16:40:25","modified_gmt":"2020-06-23T14:40:25","slug":"les-stages-remuneres-pour-les-etudiants-de-la-polytechnique-de-wroclaw-dans-la-societe-municipale-de-transport","status":"publish","type":"post","link":"https:\/\/www.polishscience.pl\/fr\/les-stages-remuneres-pour-les-etudiants-de-la-polytechnique-de-wroclaw-dans-la-societe-municipale-de-transport\/","title":{"rendered":"Les stages r\u00e9mun\u00e9r\u00e9s pour les \u00e9tudiants de la Polytechnique de Wroc\u0142aw dans la soci\u00e9t\u00e9 municipale de transport"},"content":{"rendered":"<p><strong>La Polytechnique de Wroc\u0142aw coop\u00e9rera avec la soci\u00e9t\u00e9 municipale de transport \u00e0 Wroc\u0142aw. L&rsquo;accord sign\u00e9 par le vice-recteur aux affaires g\u00e9n\u00e9rales, le professeur Jerzy Jasie\u0144ko et le pr\u00e9sident Krzysztof Balawejder, pr\u00e9voit l&rsquo;organisation de stages professionnels r\u00e9mun\u00e9r\u00e9s pour les \u00e9tudiants.<\/strong><\/p>\n<p>Dix \u00e9tudiants pourront profiter de ce stage, qui sera r\u00e9mun\u00e9r\u00e9 pour leur travail &#8211; 640 PLN par mois. La dur\u00e9e du stage est de trois mois maximum et l&rsquo;\u00e9tendue des t\u00e2ches est \u00e0 d\u00e9terminer individuellement. L&rsquo;accord a \u00e9t\u00e9 sign\u00e9 pour un an, avec la possibilit\u00e9 de le prolonger et d&rsquo;augmenter le nombre de places de stage.<\/p>\n<p>&#8211; La participation au stage peut \u00eatre une grande chance pour les \u00e9tudiants de conna\u00eetre non seulement le lieu de travail potentiel, mais aussi le march\u00e9 du travail \u00e0 Wroc\u0142aw. Les autorit\u00e9s de la ville et nous-m\u00eames devrions veiller \u00e0 ce que les \u00e9tudiants, une fois leurs \u00e9tudes termin\u00e9es, associent leur avenir \u00e0 la capitale de la Basse-Sil\u00e9sie. J&rsquo;esp\u00e8re qu&rsquo;il y aura d&rsquo;autres initiatives de ce type \u00e0 l&rsquo;avenir &#8211; a dit le vice-recteur cit\u00e9 au service de l&rsquo;universit\u00e9.<\/p>\n<p>En savoir plus : <a href=\"https:\/\/pwr.edu.pl\/uczelnia\/aktualnosci\/platne-staze-dla-studentow-w-mpk-wroclaw-11628.html\">https:\/\/pwr.edu.pl\/uczelnia\/aktualnosci\/platne-staze-dla-studentow-w-mpk-wroclaw-11628.html<\/a><\/p>\n","protected":false},"excerpt":{"rendered":"<p>La Polytechnique de Wroc\u0142aw coop\u00e9rera avec la soci\u00e9t\u00e9 municipale de transport \u00e0 Wroc\u0142aw. L&rsquo;accord sign\u00e9 par le vice-recteur aux affaires g\u00e9n\u00e9rales, le professeur Jerzy Jasie\u0144ko et le pr\u00e9sident Krzysztof Balawejder, pr\u00e9voit l&rsquo;organisation de stages professionnels r\u00e9mun\u00e9r\u00e9s pour les \u00e9tudiants. Dix \u00e9tudiants pourront profiter de ce stage, qui sera r\u00e9mun\u00e9r\u00e9 pour leur travail &#8211; 640 PLN [&hellip;]<\/p>\n","protected":false},"author":11,"featured_media":0,"comment_status":"closed","ping_status":"closed","sticky":false,"template":"","format":"standard","meta":[],"categories":[35],"tags":[],"_links":{"self":[{"href":"https:\/\/www.polishscience.pl\/fr\/wp-json\/wp\/v2\/posts\/133721"}],"collection":[{"href":"https:\/\/www.polishscience.pl\/fr\/wp-json\/wp\/v2\/posts"}],"about":[{"href":"https:\/\/www.polishscience.pl\/fr\/wp-json\/wp\/v2\/types\/post"}],"author":[{"embeddable":true,"href":"https:\/\/www.polishscience.pl\/fr\/wp-json\/wp\/v2\/users\/11"}],"replies":[{"embeddable":true,"href":"https:\/\/www.polishscience.pl\/fr\/wp-json\/wp\/v2\/comments?post=133721"}],"version-history":[{"count":0,"href":"https:\/\/www.polishscience.pl\/fr\/wp-json\/wp\/v2\/posts\/133721\/revisions"}],"wp:attachment":[{"href":"https:\/\/www.polishscience.pl\/fr\/wp-json\/wp\/v2\/media?parent=133721"}],"wp:term":[{"taxonomy":"category","embeddable":true,"href":"https:\/\/www.polishscience.pl\/fr\/wp-json\/wp\/v2\/categories?post=133721"},{"taxonomy":"post_tag","embeddable":true,"href":"https:\/\/www.polishscience.pl\/fr\/wp-json\/wp\/v2\/tags?post=133721"}],"curies":[{"name":"wp","href":"https:\/\/api.w.org\/{rel}","templated":true}]}}