{"id":133717,"date":"2020-06-23T12:11:55","date_gmt":"2020-06-23T10:11:55","guid":{"rendered":"http:\/\/polishscience.pl\/?p=133717"},"modified":"2020-06-23T15:12:16","modified_gmt":"2020-06-23T13:12:16","slug":"la-conference-scientifique-intitulee-leglise-a-lepoque-du-coronavirus-a-luniversite-de-szczecin","status":"publish","type":"post","link":"https:\/\/www.polishscience.pl\/fr\/la-conference-scientifique-intitulee-leglise-a-lepoque-du-coronavirus-a-luniversite-de-szczecin\/","title":{"rendered":"La conf\u00e9rence scientifique intitul\u00e9e \u00ab\u00a0L&rsquo;Eglise \u00e0 l&rsquo;\u00e9poque du coronavirus\u00a0\u00bb \u00e0 l&rsquo;Universit\u00e9 de Szczecin"},"content":{"rendered":"<p><strong>Le D\u00e9partement de Th\u00e9ologie Syst\u00e9matique de l&rsquo;Institut des Sciences Th\u00e9ologiques de l&rsquo;Universit\u00e9 de Szczecin organise une conf\u00e9rence scientifique intitul\u00e9e \u00ab\u00a0L&rsquo;\u00c9glise \u00e0 l&rsquo;\u00e9poque du coronavirus\u00a0\u00bb. Au cours de la conf\u00e9rence, 25 intervenants de Pologne, d&rsquo;Autriche, d&rsquo;Italie, d&rsquo;Espagne, d&rsquo;Albanie et de Bolivie feront une pr\u00e9sentation \u00e0 distance les 23 et 24 juin.<\/strong><\/p>\n<p>Au cours de leurs conf\u00e9rences, les participants analyseront les probl\u00e8mes qui se sont pos\u00e9s lors de la pand\u00e9mie de coronavirus, affectant l&rsquo;\u00c9glise dans le domaine doctrinal et pastoral. C&rsquo;est la premi\u00e8re r\u00e9union de ce genre en Pologne.<\/p>\n<p>L&rsquo;un des ph\u00e9nom\u00e8nes, visible lors de la pand\u00e9mie, \u00e9tait une assez forte polarisation des milieux eccl\u00e9siastiques. Alors que certains ont essay\u00e9 de trouver une occasion de v\u00e9rifier leurs attitudes religieuses dans le fait de l&rsquo;\u00e9pid\u00e9mie, d&rsquo;autres y ont vu surtout la punition des p\u00e9ch\u00e9s, et peut-\u00eatre m\u00eame le d\u00e9but de la r\u00e9alisation des visions apocalyptiques &#8211; \u00e0 lire sur le site web de l&rsquo;\u00e9v\u00e9nement.<\/p>\n<p>Pour en savoir plus : <a href=\"https:\/\/kjaw007.wixsite.com\/konferencja\">https:\/\/kjaw007.wixsite.com\/konferencja<\/a><\/p>\n","protected":false},"excerpt":{"rendered":"<p>Le D\u00e9partement de Th\u00e9ologie Syst\u00e9matique de l&rsquo;Institut des Sciences Th\u00e9ologiques de l&rsquo;Universit\u00e9 de Szczecin organise une conf\u00e9rence scientifique intitul\u00e9e \u00ab\u00a0L&rsquo;\u00c9glise \u00e0 l&rsquo;\u00e9poque du coronavirus\u00a0\u00bb. Au cours de la conf\u00e9rence, 25 intervenants de Pologne, d&rsquo;Autriche, d&rsquo;Italie, d&rsquo;Espagne, d&rsquo;Albanie et de Bolivie feront une pr\u00e9sentation \u00e0 distance les 23 et 24 juin. Au cours de leurs conf\u00e9rences, [&hellip;]<\/p>\n","protected":false},"author":11,"featured_media":0,"comment_status":"closed","ping_status":"closed","sticky":false,"template":"","format":"standard","meta":[],"categories":[41],"tags":[],"_links":{"self":[{"href":"https:\/\/www.polishscience.pl\/fr\/wp-json\/wp\/v2\/posts\/133717"}],"collection":[{"href":"https:\/\/www.polishscience.pl\/fr\/wp-json\/wp\/v2\/posts"}],"about":[{"href":"https:\/\/www.polishscience.pl\/fr\/wp-json\/wp\/v2\/types\/post"}],"author":[{"embeddable":true,"href":"https:\/\/www.polishscience.pl\/fr\/wp-json\/wp\/v2\/users\/11"}],"replies":[{"embeddable":true,"href":"https:\/\/www.polishscience.pl\/fr\/wp-json\/wp\/v2\/comments?post=133717"}],"version-history":[{"count":0,"href":"https:\/\/www.polishscience.pl\/fr\/wp-json\/wp\/v2\/posts\/133717\/revisions"}],"wp:attachment":[{"href":"https:\/\/www.polishscience.pl\/fr\/wp-json\/wp\/v2\/media?parent=133717"}],"wp:term":[{"taxonomy":"category","embeddable":true,"href":"https:\/\/www.polishscience.pl\/fr\/wp-json\/wp\/v2\/categories?post=133717"},{"taxonomy":"post_tag","embeddable":true,"href":"https:\/\/www.polishscience.pl\/fr\/wp-json\/wp\/v2\/tags?post=133717"}],"curies":[{"name":"wp","href":"https:\/\/api.w.org\/{rel}","templated":true}]}}