{"id":133521,"date":"2020-06-22T18:21:05","date_gmt":"2020-06-22T16:21:05","guid":{"rendered":"http:\/\/polishscience.pl\/?p=133521"},"modified":"2020-06-22T18:21:05","modified_gmt":"2020-06-22T16:21:05","slug":"le-xxiiie-congres-international-des-sciences-historiques-reporte-dun-an","status":"publish","type":"post","link":"https:\/\/www.polishscience.pl\/fr\/le-xxiiie-congres-international-des-sciences-historiques-reporte-dun-an\/","title":{"rendered":"Le XXIIIe Congr\u00e8s International des Sciences Historiques report\u00e9 d&rsquo;un an"},"content":{"rendered":"<p><strong>Le XXIIIe Congr\u00e8s International des Sciences Historiques, co-organis\u00e9 par l&rsquo;Universit\u00e9 Adam Mickiewicz \u00e0 Pozna\u0144, se tiendra l&rsquo;ann\u00e9e prochaine et non, comme pr\u00e9vu, en ao\u00fbt de cette ann\u00e9e. L&rsquo;universit\u00e9 informe qu&rsquo;une pand\u00e9mie est en cours.<\/strong><\/p>\n<p>Le Congr\u00e8s d\u00e9butera le 22 ao\u00fbt 2021 et durera jusqu&rsquo;au 28 ao\u00fbt. Le Centre des congr\u00e8s sera situ\u00e9 au Centre culturel du ch\u00e2teau, tandis que les historiens se r\u00e9uniront \u00e9galement au Collegium Minus, au Collegium Maius et au Collegium Novum de l&rsquo;Universit\u00e9 de Poznan et dans l\u2019enceinte de la Foire Internationale de Poznan, ainsi qu&rsquo;au si\u00e8ge de la Facult\u00e9 d&rsquo;Histoire de Morasko.<\/p>\n<p>Environ 70 panels diff\u00e9rents seront organis\u00e9s pendant le congr\u00e8s. En outre, 15 sessions dites conjointes, une vingtaine de tables rondes et une trentaine de sessions sp\u00e9cialis\u00e9es sont pr\u00e9vues.<\/p>\n<p>La premi\u00e8re rencontre d&rsquo;historiens du monde entier a eu lieu \u00e0 Paris en 1900. Depuis lors, les congr\u00e8s ont eu lieu pour la plupart tous les cinq ans.\u00a0 La Pologne n&rsquo;a \u00e9t\u00e9 accueillie qu&rsquo;une seule fois, en 1933, lorsque des historiens se sont rencontr\u00e9s \u00e0 Varsovie.<\/p>\n<p>Pour en savoir plus : <a href=\"https:\/\/amu.edu.pl\/wiadomosci\/aktualnosci\/pracownicy\/dla-mediow\/komunikaty-prasowe\/historycy-z-pewnoscia-zapamietaja-te-date\">https:\/\/amu.edu.pl\/wiadomosci\/aktualnosci\/pracownicy\/dla-mediow\/komunikaty-prasowe\/historycy-z-pewnoscia-zapamietaja-te-date<\/a><\/p>\n","protected":false},"excerpt":{"rendered":"<p>Le XXIIIe Congr\u00e8s International des Sciences Historiques, co-organis\u00e9 par l&rsquo;Universit\u00e9 Adam Mickiewicz \u00e0 Pozna\u0144, se tiendra l&rsquo;ann\u00e9e prochaine et non, comme pr\u00e9vu, en ao\u00fbt de cette ann\u00e9e. L&rsquo;universit\u00e9 informe qu&rsquo;une pand\u00e9mie est en cours. Le Congr\u00e8s d\u00e9butera le 22 ao\u00fbt 2021 et durera jusqu&rsquo;au 28 ao\u00fbt. Le Centre des congr\u00e8s sera situ\u00e9 au Centre culturel [&hellip;]<\/p>\n","protected":false},"author":11,"featured_media":0,"comment_status":"closed","ping_status":"closed","sticky":false,"template":"","format":"standard","meta":[],"categories":[41],"tags":[],"_links":{"self":[{"href":"https:\/\/www.polishscience.pl\/fr\/wp-json\/wp\/v2\/posts\/133521"}],"collection":[{"href":"https:\/\/www.polishscience.pl\/fr\/wp-json\/wp\/v2\/posts"}],"about":[{"href":"https:\/\/www.polishscience.pl\/fr\/wp-json\/wp\/v2\/types\/post"}],"author":[{"embeddable":true,"href":"https:\/\/www.polishscience.pl\/fr\/wp-json\/wp\/v2\/users\/11"}],"replies":[{"embeddable":true,"href":"https:\/\/www.polishscience.pl\/fr\/wp-json\/wp\/v2\/comments?post=133521"}],"version-history":[{"count":0,"href":"https:\/\/www.polishscience.pl\/fr\/wp-json\/wp\/v2\/posts\/133521\/revisions"}],"wp:attachment":[{"href":"https:\/\/www.polishscience.pl\/fr\/wp-json\/wp\/v2\/media?parent=133521"}],"wp:term":[{"taxonomy":"category","embeddable":true,"href":"https:\/\/www.polishscience.pl\/fr\/wp-json\/wp\/v2\/categories?post=133521"},{"taxonomy":"post_tag","embeddable":true,"href":"https:\/\/www.polishscience.pl\/fr\/wp-json\/wp\/v2\/tags?post=133521"}],"curies":[{"name":"wp","href":"https:\/\/api.w.org\/{rel}","templated":true}]}}