{"id":132995,"date":"2020-06-18T14:17:52","date_gmt":"2020-06-18T12:17:52","guid":{"rendered":"http:\/\/polishscience.pl\/?p=132995"},"modified":"2020-06-18T14:17:52","modified_gmt":"2020-06-18T12:17:52","slug":"le-professeur-jan-kazior-la-polytechnique-de-cracovie-est-une-universite-a-forte-notoriete","status":"publish","type":"post","link":"https:\/\/www.polishscience.pl\/fr\/le-professeur-jan-kazior-la-polytechnique-de-cracovie-est-une-universite-a-forte-notoriete\/","title":{"rendered":"Le professeur Jan Kazior : La Polytechnique de Cracovie est une universit\u00e9 \u00e0 forte notori\u00e9t\u00e9"},"content":{"rendered":"<p><strong>Nous croyons aux gens et nous investissons dans eux &#8211; nous avons cr\u00e9\u00e9 un programme pour soutenir les leaders scientifiques parmi les employ\u00e9s. R\u00e9cemment, cela a permis d&rsquo;obtenir le financement de deux grands projets par des fonds europ\u00e9ens, dont le prestigieux programme Horizon 2020 &#8211; a d\u00e9clar\u00e9 dans une interview pour le quotidien Rzeczpospolita, le recteur de la Polytechnique de Cracovie (PK), le professeur Jan Kazior.<\/strong><\/p>\n<p>Comme il l&rsquo;a soulign\u00e9 dans l&rsquo;interview, \u00ab\u00a0la Polytechnique de Cracovie a subi de nombreuses transformations pour devenir une universit\u00e9 \u00e0 la marque forte, fi\u00e8re de ses r\u00e9alisations, car elle a \u00e9norm\u00e9ment contribu\u00e9 au d\u00e9veloppement de notre pays, Cracovie et la Petite Pologne\u00a0\u00bb. Il a soulign\u00e9 qu&rsquo;il est particuli\u00e8rement fier \u00ab\u00a0des 100 000 ing\u00e9nieurs bien form\u00e9s au fil des ans, des succ\u00e8s de nos \u00e9tudiants et de nos employ\u00e9s qui ont contribu\u00e9 au d\u00e9veloppement de l&rsquo;universit\u00e9\u00a0\u00bb.<\/p>\n<p>Selon le professeur Kazior, la particularit\u00e9 de l&rsquo;universit\u00e9 de Cracovie r\u00e9side \u00e9galement dans le fait que \u00ab\u00a0nous cr\u00e9ons des programmes \u00e9ducatifs en coop\u00e9ration avec les employeurs d&rsquo;entreprises aux marques reconnues\u00a0\u00bb.<\/p>\n<p>Afin de maintenir les programmes d&rsquo;\u00e9tudes \u00e0 jour dans dix ans, nous suivons les tendances et les progr\u00e8s technologiques, en veillant \u00e0 la flexibilit\u00e9 de l&rsquo;organisation et du contenu de l&rsquo;enseignement &#8211; a ajout\u00e9 le recteur de la PK.<\/p>\n","protected":false},"excerpt":{"rendered":"<p>Nous croyons aux gens et nous investissons dans eux &#8211; nous avons cr\u00e9\u00e9 un programme pour soutenir les leaders scientifiques parmi les employ\u00e9s. R\u00e9cemment, cela a permis d&rsquo;obtenir le financement de deux grands projets par des fonds europ\u00e9ens, dont le prestigieux programme Horizon 2020 &#8211; a d\u00e9clar\u00e9 dans une interview pour le quotidien Rzeczpospolita, le [&hellip;]<\/p>\n","protected":false},"author":11,"featured_media":0,"comment_status":"closed","ping_status":"closed","sticky":false,"template":"","format":"standard","meta":[],"categories":[35],"tags":[],"_links":{"self":[{"href":"https:\/\/www.polishscience.pl\/fr\/wp-json\/wp\/v2\/posts\/132995"}],"collection":[{"href":"https:\/\/www.polishscience.pl\/fr\/wp-json\/wp\/v2\/posts"}],"about":[{"href":"https:\/\/www.polishscience.pl\/fr\/wp-json\/wp\/v2\/types\/post"}],"author":[{"embeddable":true,"href":"https:\/\/www.polishscience.pl\/fr\/wp-json\/wp\/v2\/users\/11"}],"replies":[{"embeddable":true,"href":"https:\/\/www.polishscience.pl\/fr\/wp-json\/wp\/v2\/comments?post=132995"}],"version-history":[{"count":0,"href":"https:\/\/www.polishscience.pl\/fr\/wp-json\/wp\/v2\/posts\/132995\/revisions"}],"wp:attachment":[{"href":"https:\/\/www.polishscience.pl\/fr\/wp-json\/wp\/v2\/media?parent=132995"}],"wp:term":[{"taxonomy":"category","embeddable":true,"href":"https:\/\/www.polishscience.pl\/fr\/wp-json\/wp\/v2\/categories?post=132995"},{"taxonomy":"post_tag","embeddable":true,"href":"https:\/\/www.polishscience.pl\/fr\/wp-json\/wp\/v2\/tags?post=132995"}],"curies":[{"name":"wp","href":"https:\/\/api.w.org\/{rel}","templated":true}]}}