{"id":132711,"date":"2020-06-16T15:20:28","date_gmt":"2020-06-16T13:20:28","guid":{"rendered":"http:\/\/polishscience.pl\/?p=132711"},"modified":"2020-06-16T16:20:54","modified_gmt":"2020-06-16T14:20:54","slug":"un-professeur-de-lacademie-des-arts-de-szczecin-est-laureat-du-grand-press-photo","status":"publish","type":"post","link":"https:\/\/www.polishscience.pl\/fr\/un-professeur-de-lacademie-des-arts-de-szczecin-est-laureat-du-grand-press-photo\/","title":{"rendered":"Un professeur de l&rsquo;Acad\u00e9mie des Arts de Szczecin est laur\u00e9at du Grand Press Photo"},"content":{"rendered":"<p class=\"Standard\"><span lang=\"EN-US\" style=\"font-family: 'Times New Roman',serif;\"><strong>Le docteur Tomasz Lazar, professeur \u00e0 l&rsquo;Acad\u00e9mie des Arts de Szczecin, a re\u00e7u le prix Grand Press Photo. Il a obtenu la deuxi\u00e8me place dans la cat\u00e9gorie \u00ab\u00a0vie quotidienne\u00a0\u00bb pour son photojournalisme montrant comment la vie en Pologne a chang\u00e9 en relation avec la pand\u00e9mie du COVID-19, informe l&rsquo;universit\u00e9.<\/strong> <\/span><\/p>\n<p class=\"Standard\"><span lang=\"EN-US\" style=\"font-family: 'Times New Roman',serif;\">Le Dr Lazar est le chef de l\u2019atelier de reportage photo \u00e0 la chaire des nouveaux m\u00e9dias, de la photographie et du film de la Facult\u00e9 des Arts M\u00e9diatiques. Il est dipl\u00f4m\u00e9 en informatique de l&rsquo;Universit\u00e9 technologique de Pom\u00e9ranie occidentale et de l&rsquo;Acad\u00e9mie Europ\u00e9enne de Photographie de Varsovie, membre de l&rsquo;Association des photographes d&rsquo;art polonais et d&rsquo;un groupe de photographes de rue non expos\u00e9s. <\/span><\/p>\n<p class=\"Standard\"><span lang=\"EN-US\" style=\"font-family: 'Times New Roman',serif;\">Le laur\u00e9at a connu de nombreux succ\u00e8s, dont une nomination dans la cat\u00e9gorie \u00ab\u00a0Photographe de l&rsquo;ann\u00e9e pour la perspective approfondie\u00a0\u00bb dans le cadre du concours international de photographie, ainsi que des r\u00e9compenses : Sony World Photography Award, International Photography Award, BZWBK Press Photo, Grand Press Photo, Grand Prix Fotofestiwal \u00e0 \u0141\u00f3d\u017a. Il a remport\u00e9 la deuxi\u00e8me place du concours World Press Photo 2012 dans la cat\u00e9gorie \u00ab\u00a0People in the News\u00a0\u00bb.<\/span><\/p>\n","protected":false},"excerpt":{"rendered":"<p>Le docteur Tomasz Lazar, professeur \u00e0 l&rsquo;Acad\u00e9mie des Arts de Szczecin, a re\u00e7u le prix Grand Press Photo. Il a obtenu la deuxi\u00e8me place dans la cat\u00e9gorie \u00ab\u00a0vie quotidienne\u00a0\u00bb pour son photojournalisme montrant comment la vie en Pologne a chang\u00e9 en relation avec la pand\u00e9mie du COVID-19, informe l&rsquo;universit\u00e9. Le Dr Lazar est le chef [&hellip;]<\/p>\n","protected":false},"author":11,"featured_media":0,"comment_status":"closed","ping_status":"closed","sticky":false,"template":"","format":"standard","meta":[],"categories":[41],"tags":[],"_links":{"self":[{"href":"https:\/\/www.polishscience.pl\/fr\/wp-json\/wp\/v2\/posts\/132711"}],"collection":[{"href":"https:\/\/www.polishscience.pl\/fr\/wp-json\/wp\/v2\/posts"}],"about":[{"href":"https:\/\/www.polishscience.pl\/fr\/wp-json\/wp\/v2\/types\/post"}],"author":[{"embeddable":true,"href":"https:\/\/www.polishscience.pl\/fr\/wp-json\/wp\/v2\/users\/11"}],"replies":[{"embeddable":true,"href":"https:\/\/www.polishscience.pl\/fr\/wp-json\/wp\/v2\/comments?post=132711"}],"version-history":[{"count":0,"href":"https:\/\/www.polishscience.pl\/fr\/wp-json\/wp\/v2\/posts\/132711\/revisions"}],"wp:attachment":[{"href":"https:\/\/www.polishscience.pl\/fr\/wp-json\/wp\/v2\/media?parent=132711"}],"wp:term":[{"taxonomy":"category","embeddable":true,"href":"https:\/\/www.polishscience.pl\/fr\/wp-json\/wp\/v2\/categories?post=132711"},{"taxonomy":"post_tag","embeddable":true,"href":"https:\/\/www.polishscience.pl\/fr\/wp-json\/wp\/v2\/tags?post=132711"}],"curies":[{"name":"wp","href":"https:\/\/api.w.org\/{rel}","templated":true}]}}