{"id":132452,"date":"2020-06-15T14:00:11","date_gmt":"2020-06-15T12:00:11","guid":{"rendered":"http:\/\/polishscience.pl\/?p=132452"},"modified":"2020-06-15T14:18:38","modified_gmt":"2020-06-15T12:18:38","slug":"le-vice-recteur-de-luniversite-de-varsovie-est-le-president-du-comite-de-la-politique-scientifique","status":"publish","type":"post","link":"https:\/\/www.polishscience.pl\/fr\/le-vice-recteur-de-luniversite-de-varsovie-est-le-president-du-comite-de-la-politique-scientifique\/","title":{"rendered":"Le vice-recteur de l&rsquo;Universit\u00e9 de Varsovie est le pr\u00e9sident du Comit\u00e9 de la Politique Scientifique"},"content":{"rendered":"<p><strong>Le docteur d\u2019\u00c9tat Maciej Duszczyk, vice-recteur de l&rsquo;Universit\u00e9 de Varsovie (UW) pour les affaires scientifiques, est devenu le nouveau pr\u00e9sident du Comit\u00e9 de la Politique Scientifique.<\/strong><\/p>\n<p>Le choix unanime a \u00e9t\u00e9 fait lors de la r\u00e9union inaugurale de cet organe, qui a eu lieu le 9 juin au si\u00e8ge du minist\u00e8re des Sciences et de l&rsquo;Enseignement Sup\u00e9rieur.<\/p>\n<p>Le Comit\u00e9 de la Politique Scientifique est un organe consultatif aupr\u00e8s du ministre des Sciences et de l&rsquo;Enseignement Sup\u00e9rieur. Ses t\u00e2ches comprennent l&rsquo;\u00e9valuation des documents pr\u00e9sent\u00e9s par le ministre et des plans d&rsquo;activit\u00e9s du Centre National pour la Science et du Centre National pour la Recherche et le D\u00e9veloppement, ainsi que la pr\u00e9paration d&rsquo;\u00e9valuations de fond des rapports sur leurs activit\u00e9s. Le Comit\u00e9 \u00e9value \u00e9galement la mise en \u0153uvre de la politique scientifique de l&rsquo;\u00c9tat.<\/p>\n","protected":false},"excerpt":{"rendered":"<p>Le docteur d\u2019\u00c9tat Maciej Duszczyk, vice-recteur de l&rsquo;Universit\u00e9 de Varsovie (UW) pour les affaires scientifiques, est devenu le nouveau pr\u00e9sident du Comit\u00e9 de la Politique Scientifique. Le choix unanime a \u00e9t\u00e9 fait lors de la r\u00e9union inaugurale de cet organe, qui a eu lieu le 9 juin au si\u00e8ge du minist\u00e8re des Sciences et de [&hellip;]<\/p>\n","protected":false},"author":11,"featured_media":0,"comment_status":"closed","ping_status":"closed","sticky":false,"template":"","format":"standard","meta":[],"categories":[41],"tags":[],"_links":{"self":[{"href":"https:\/\/www.polishscience.pl\/fr\/wp-json\/wp\/v2\/posts\/132452"}],"collection":[{"href":"https:\/\/www.polishscience.pl\/fr\/wp-json\/wp\/v2\/posts"}],"about":[{"href":"https:\/\/www.polishscience.pl\/fr\/wp-json\/wp\/v2\/types\/post"}],"author":[{"embeddable":true,"href":"https:\/\/www.polishscience.pl\/fr\/wp-json\/wp\/v2\/users\/11"}],"replies":[{"embeddable":true,"href":"https:\/\/www.polishscience.pl\/fr\/wp-json\/wp\/v2\/comments?post=132452"}],"version-history":[{"count":0,"href":"https:\/\/www.polishscience.pl\/fr\/wp-json\/wp\/v2\/posts\/132452\/revisions"}],"wp:attachment":[{"href":"https:\/\/www.polishscience.pl\/fr\/wp-json\/wp\/v2\/media?parent=132452"}],"wp:term":[{"taxonomy":"category","embeddable":true,"href":"https:\/\/www.polishscience.pl\/fr\/wp-json\/wp\/v2\/categories?post=132452"},{"taxonomy":"post_tag","embeddable":true,"href":"https:\/\/www.polishscience.pl\/fr\/wp-json\/wp\/v2\/tags?post=132452"}],"curies":[{"name":"wp","href":"https:\/\/api.w.org\/{rel}","templated":true}]}}