{"id":131865,"date":"2020-06-10T13:08:44","date_gmt":"2020-06-10T11:08:44","guid":{"rendered":"http:\/\/polishscience.pl\/?p=131865"},"modified":"2020-06-10T16:08:59","modified_gmt":"2020-06-10T14:08:59","slug":"luniversite-catholique-de-lublin-a-entame-une-cooperation-avec-le-club-daffaires-de-lublin","status":"publish","type":"post","link":"https:\/\/www.polishscience.pl\/fr\/luniversite-catholique-de-lublin-a-entame-une-cooperation-avec-le-club-daffaires-de-lublin\/","title":{"rendered":"L&rsquo;Universit\u00e9 Catholique de Lublin a entam\u00e9 une coop\u00e9ration avec le Club d&rsquo;Affaires de Lublin"},"content":{"rendered":"<p class=\"Standard\"><strong><span lang=\"EN-US\" style=\"font-family: 'Times New Roman',serif;\">L&rsquo;Universit\u00e9 catholique Jean-Paul II de Lublin (KUL) coop\u00e9rera avec le Club d&rsquo;Affaires de Lublin (LKB). L&rsquo;accord de coop\u00e9ration a \u00e9t\u00e9 sign\u00e9 par le recteur de l&rsquo;Universit\u00e9 Catholique de Lublin (KUL), le professeur Antoni D\u0119bi\u0144ski et la pr\u00e9sidente de LKB, Agnieszka G\u0105sior-Mazur.<\/span><\/strong><\/p>\n<p class=\"Standard\"><span lang=\"EN-US\" style=\"font-family: 'Times New Roman',serif;\">Selon le communiqu\u00e9 de l&rsquo;Universit\u00e9 Catholique de Lublin, les sp\u00e9cialistes du Club d&rsquo;Affaires de Lublin contribueront \u00e0 am\u00e9liorer les comp\u00e9tences entrepreneuriales et les comp\u00e9tences non techniques des participants au projet \u00ab\u00a0Le laboratoire d&rsquo;Innovation de l&rsquo;Universit\u00e9 Catholique de Lublin\u00a0\u00bb. &#8211; une nouvelle unit\u00e9 de l&rsquo;Universit\u00e9 Catholique de Lublin, qui soutient la cr\u00e9ativit\u00e9 des \u00e9tudiants, des doctorants et des universitaires et am\u00e9liore leurs comp\u00e9tences dans le domaine de l&rsquo;entrepreneuriat. <\/span><\/p>\n<p class=\"Standard\"><span lang=\"EN-US\" style=\"font-family: 'Times New Roman',serif;\">Les stagiaires, les entrepreneurs associ\u00e9s \u00e0 LKB, animeront des ateliers et des conf\u00e9rences, au cours desquels ils partageront leurs connaissances et leur exp\u00e9rience avec de jeunes adeptes de l&rsquo;entreprise. Un repr\u00e9sentant du LKB fera \u00e9galement partie du jury charg\u00e9 d&rsquo;\u00e9valuer les projets de dipl\u00f4me pr\u00e9par\u00e9s par les participants du \u00ab\u00a0Laboratoire d&rsquo;Innovation de la KUL\u00a0\u00bb.<\/span><\/p>\n","protected":false},"excerpt":{"rendered":"<p>L&rsquo;Universit\u00e9 catholique Jean-Paul II de Lublin (KUL) coop\u00e9rera avec le Club d&rsquo;Affaires de Lublin (LKB). L&rsquo;accord de coop\u00e9ration a \u00e9t\u00e9 sign\u00e9 par le recteur de l&rsquo;Universit\u00e9 Catholique de Lublin (KUL), le professeur Antoni D\u0119bi\u0144ski et la pr\u00e9sidente de LKB, Agnieszka G\u0105sior-Mazur. Selon le communiqu\u00e9 de l&rsquo;Universit\u00e9 Catholique de Lublin, les sp\u00e9cialistes du Club d&rsquo;Affaires de [&hellip;]<\/p>\n","protected":false},"author":11,"featured_media":0,"comment_status":"closed","ping_status":"closed","sticky":false,"template":"","format":"standard","meta":[],"categories":[35],"tags":[],"_links":{"self":[{"href":"https:\/\/www.polishscience.pl\/fr\/wp-json\/wp\/v2\/posts\/131865"}],"collection":[{"href":"https:\/\/www.polishscience.pl\/fr\/wp-json\/wp\/v2\/posts"}],"about":[{"href":"https:\/\/www.polishscience.pl\/fr\/wp-json\/wp\/v2\/types\/post"}],"author":[{"embeddable":true,"href":"https:\/\/www.polishscience.pl\/fr\/wp-json\/wp\/v2\/users\/11"}],"replies":[{"embeddable":true,"href":"https:\/\/www.polishscience.pl\/fr\/wp-json\/wp\/v2\/comments?post=131865"}],"version-history":[{"count":0,"href":"https:\/\/www.polishscience.pl\/fr\/wp-json\/wp\/v2\/posts\/131865\/revisions"}],"wp:attachment":[{"href":"https:\/\/www.polishscience.pl\/fr\/wp-json\/wp\/v2\/media?parent=131865"}],"wp:term":[{"taxonomy":"category","embeddable":true,"href":"https:\/\/www.polishscience.pl\/fr\/wp-json\/wp\/v2\/categories?post=131865"},{"taxonomy":"post_tag","embeddable":true,"href":"https:\/\/www.polishscience.pl\/fr\/wp-json\/wp\/v2\/tags?post=131865"}],"curies":[{"name":"wp","href":"https:\/\/api.w.org\/{rel}","templated":true}]}}