{"id":131863,"date":"2020-06-10T16:08:53","date_gmt":"2020-06-10T14:08:53","guid":{"rendered":"http:\/\/polishscience.pl\/?p=131863"},"modified":"2020-06-10T16:08:53","modified_gmt":"2020-06-10T14:08:53","slug":"la-journee-internationale-des-electriciens","status":"publish","type":"post","link":"https:\/\/www.polishscience.pl\/fr\/la-journee-internationale-des-electriciens\/","title":{"rendered":"La Journ\u00e9e Internationale des \u00c9lectriciens"},"content":{"rendered":"<p class=\"Standard\"><strong><span lang=\"EN-US\" style=\"font-family: 'Times New Roman',serif;\">Le 10 juin, \u00e0 partir de 1986, la Journ\u00e9e Internationale des \u00c9lectriciens est c\u00e9l\u00e9br\u00e9e. Cette journ\u00e9e est une c\u00e9l\u00e9bration de tous les ing\u00e9nieurs, techniciens et autres professionnels impliqu\u00e9s dans le domaine largement d\u00e9fini de l&rsquo;ing\u00e9nierie \u00e9lectrique.<\/span><\/strong><\/p>\n<p class=\"Standard\"><span lang=\"EN-US\" style=\"font-family: 'Times New Roman',serif;\">La Journ\u00e9e Internationale des \u00c9lectriciens (initialement Journ\u00e9e des \u00c9lectriciens) a \u00e9t\u00e9 cr\u00e9\u00e9e par le Conseil g\u00e9n\u00e9ral de l&rsquo;Association des \u00c9lectriciens Polonais (SEP \u2013 Stowarzyszenie Elektryk\u00f3w Polskich) pour comm\u00e9morer le 150e anniversaire de la mort du scientifique exceptionnel Andr\u00e9 Marie Amp\u00e8re (1775-1836), un physicien et math\u00e9maticien fran\u00e7ais c\u00e9l\u00e8bre pour ses d\u00e9couvertes dans le domaine du magn\u00e9tisme, de l&rsquo;\u00e9lectromagn\u00e9tisme et de l&rsquo;\u00e9lectricit\u00e9.<\/span><\/p>\n<p class=\"Standard\"><span lang=\"EN-US\" style=\"font-family: 'Times New Roman',serif;\">Cette ann\u00e9e, en raison des limites r\u00e9sultant de l&rsquo;\u00e9pid\u00e9mie de coronavirus, le conseil d&rsquo;administration du SEP a d\u00e9cid\u00e9 de l&rsquo;organiser par vid\u00e9oconf\u00e9rence. <\/span><\/p>\n<p class=\"Standard\"><span lang=\"EN-US\" style=\"font-family: 'Times New Roman',serif;\">Le programme des c\u00e9l\u00e9brations comprend des articles de fond de scientifiques de Pologne, de France et des \u00c9tats-Unis sur certains probl\u00e8mes d&rsquo;\u00e9lectricit\u00e9 et une pr\u00e9sentation de la figure du professeur J\u00f3zef W\u0119glarz, qui est le parrain du SEP 2020, ainsi que l&rsquo;annonce des r\u00e9sultats du concours du cercle le plus actif du SEP et du concours Mieczys\u0142aw Po\u017caryski du meilleur article dans la presse technique du SEP.<\/span><\/p>\n","protected":false},"excerpt":{"rendered":"<p>Le 10 juin, \u00e0 partir de 1986, la Journ\u00e9e Internationale des \u00c9lectriciens est c\u00e9l\u00e9br\u00e9e. Cette journ\u00e9e est une c\u00e9l\u00e9bration de tous les ing\u00e9nieurs, techniciens et autres professionnels impliqu\u00e9s dans le domaine largement d\u00e9fini de l&rsquo;ing\u00e9nierie \u00e9lectrique. La Journ\u00e9e Internationale des \u00c9lectriciens (initialement Journ\u00e9e des \u00c9lectriciens) a \u00e9t\u00e9 cr\u00e9\u00e9e par le Conseil g\u00e9n\u00e9ral de l&rsquo;Association des [&hellip;]<\/p>\n","protected":false},"author":11,"featured_media":0,"comment_status":"closed","ping_status":"closed","sticky":false,"template":"","format":"standard","meta":[],"categories":[41],"tags":[],"_links":{"self":[{"href":"https:\/\/www.polishscience.pl\/fr\/wp-json\/wp\/v2\/posts\/131863"}],"collection":[{"href":"https:\/\/www.polishscience.pl\/fr\/wp-json\/wp\/v2\/posts"}],"about":[{"href":"https:\/\/www.polishscience.pl\/fr\/wp-json\/wp\/v2\/types\/post"}],"author":[{"embeddable":true,"href":"https:\/\/www.polishscience.pl\/fr\/wp-json\/wp\/v2\/users\/11"}],"replies":[{"embeddable":true,"href":"https:\/\/www.polishscience.pl\/fr\/wp-json\/wp\/v2\/comments?post=131863"}],"version-history":[{"count":0,"href":"https:\/\/www.polishscience.pl\/fr\/wp-json\/wp\/v2\/posts\/131863\/revisions"}],"wp:attachment":[{"href":"https:\/\/www.polishscience.pl\/fr\/wp-json\/wp\/v2\/media?parent=131863"}],"wp:term":[{"taxonomy":"category","embeddable":true,"href":"https:\/\/www.polishscience.pl\/fr\/wp-json\/wp\/v2\/categories?post=131863"},{"taxonomy":"post_tag","embeddable":true,"href":"https:\/\/www.polishscience.pl\/fr\/wp-json\/wp\/v2\/tags?post=131863"}],"curies":[{"name":"wp","href":"https:\/\/api.w.org\/{rel}","templated":true}]}}