{"id":131662,"date":"2020-06-09T18:48:05","date_gmt":"2020-06-09T16:48:05","guid":{"rendered":"http:\/\/polishscience.pl\/?p=131662"},"modified":"2020-06-09T18:48:05","modified_gmt":"2020-06-09T16:48:05","slug":"un-nouveau-domaine-detudes-a-luniversite-des-sciences-humaines-et-de-la-vie-jan-dlugosz-a-czestochowa","status":"publish","type":"post","link":"https:\/\/www.polishscience.pl\/fr\/un-nouveau-domaine-detudes-a-luniversite-des-sciences-humaines-et-de-la-vie-jan-dlugosz-a-czestochowa\/","title":{"rendered":"Un nouveau domaine d\u2019\u00e9tudes \u00e0  l\u2019Universit\u00e9 des Sciences Humaines et de la Vie Jan D\u0142ugosz \u00e0 Cz\u0119stochowa"},"content":{"rendered":"<p class=\"Standard\"><strong><span lang=\"EN-US\" style=\"font-family: 'Times New Roman',serif;\">L&rsquo;Universit\u00e9 des Sciences Humaines et de la Vie Jan D\u0142ugosz \u00e0 Cz\u0119stochowa lancera \u00e0 la nouvelle ann\u00e9e universitaire le deuxi\u00e8me degr\u00e9 d&rsquo;\u00e9tudes pratiques \u00ab\u00a0Le conseil en d\u00e9veloppement et assistance psychologique\u00a0\u00bb. Les \u00e9tudes seront men\u00e9es \u00e0 la Facult\u00e9 des Sciences Sociales de l&rsquo;universit\u00e9.<\/span><\/strong><\/p>\n<p class=\"Standard\"><span lang=\"EN-US\" style=\"font-family: 'Times New Roman',serif;\">Le programme d&rsquo;\u00e9tudes a \u00e9t\u00e9 \u00e9labor\u00e9 de mani\u00e8re \u00e0 pr\u00e9parer les \u00e9tudiants \u00e0 travailler dans le domaine de l&rsquo;assistance psychologique et de l&rsquo;orientation au sens large, fond\u00e9e sur les relations interpersonnelles dans divers environnements de la vie sociale et s&rsquo;adressant \u00e0 diff\u00e9rents groupes de destinataires, notamment les enfants, les jeunes, les adultes et les personnes \u00e2g\u00e9es &#8211; \u00e0 lire dans le service de l&rsquo;universit\u00e9.<\/span><\/p>\n<p class=\"Standard\"><span lang=\"EN-US\" style=\"font-family: 'Times New Roman',serif;\">Les dipl\u00f4m\u00e9s obtiendront des qualifications pour la profession d&rsquo;entra\u00eeneur personnel (coach, mentor, tuteur) selon la classification du minist\u00e8re de la Famille, du Travail et de la Politique Sociale. Ils seront pr\u00e9par\u00e9s \u00e0 mener des s\u00e9ances de coaching, des rencontres th\u00e9rapeutiques, des cours de psychoprophylaxie, de formation, d&rsquo;atelier, d&rsquo;\u00e9ducation et d&rsquo;animation et des entretiens de consultation individuelle.<\/span><\/p>\n","protected":false},"excerpt":{"rendered":"<p>L&rsquo;Universit\u00e9 des Sciences Humaines et de la Vie Jan D\u0142ugosz \u00e0 Cz\u0119stochowa lancera \u00e0 la nouvelle ann\u00e9e universitaire le deuxi\u00e8me degr\u00e9 d&rsquo;\u00e9tudes pratiques \u00ab\u00a0Le conseil en d\u00e9veloppement et assistance psychologique\u00a0\u00bb. Les \u00e9tudes seront men\u00e9es \u00e0 la Facult\u00e9 des Sciences Sociales de l&rsquo;universit\u00e9. Le programme d&rsquo;\u00e9tudes a \u00e9t\u00e9 \u00e9labor\u00e9 de mani\u00e8re \u00e0 pr\u00e9parer les \u00e9tudiants \u00e0 [&hellip;]<\/p>\n","protected":false},"author":11,"featured_media":0,"comment_status":"closed","ping_status":"closed","sticky":false,"template":"","format":"standard","meta":[],"categories":[35],"tags":[],"_links":{"self":[{"href":"https:\/\/www.polishscience.pl\/fr\/wp-json\/wp\/v2\/posts\/131662"}],"collection":[{"href":"https:\/\/www.polishscience.pl\/fr\/wp-json\/wp\/v2\/posts"}],"about":[{"href":"https:\/\/www.polishscience.pl\/fr\/wp-json\/wp\/v2\/types\/post"}],"author":[{"embeddable":true,"href":"https:\/\/www.polishscience.pl\/fr\/wp-json\/wp\/v2\/users\/11"}],"replies":[{"embeddable":true,"href":"https:\/\/www.polishscience.pl\/fr\/wp-json\/wp\/v2\/comments?post=131662"}],"version-history":[{"count":0,"href":"https:\/\/www.polishscience.pl\/fr\/wp-json\/wp\/v2\/posts\/131662\/revisions"}],"wp:attachment":[{"href":"https:\/\/www.polishscience.pl\/fr\/wp-json\/wp\/v2\/media?parent=131662"}],"wp:term":[{"taxonomy":"category","embeddable":true,"href":"https:\/\/www.polishscience.pl\/fr\/wp-json\/wp\/v2\/categories?post=131662"},{"taxonomy":"post_tag","embeddable":true,"href":"https:\/\/www.polishscience.pl\/fr\/wp-json\/wp\/v2\/tags?post=131662"}],"curies":[{"name":"wp","href":"https:\/\/api.w.org\/{rel}","templated":true}]}}