{"id":131642,"date":"2020-06-09T12:00:53","date_gmt":"2020-06-09T10:00:53","guid":{"rendered":"http:\/\/polishscience.pl\/?p=131642"},"modified":"2020-06-09T12:00:53","modified_gmt":"2020-06-09T10:00:53","slug":"le-recteur-de-luniversite-de-varsovie-avec-des-plans-pour-la-prochaine-annee-academique","status":"publish","type":"post","link":"https:\/\/www.polishscience.pl\/fr\/le-recteur-de-luniversite-de-varsovie-avec-des-plans-pour-la-prochaine-annee-academique\/","title":{"rendered":"Le recteur de l&rsquo;Universit\u00e9 de Varsovie avec des plans pour la prochaine ann\u00e9e acad\u00e9mique"},"content":{"rendered":"<p class=\"Standard\"><span lang=\"EN-US\" style=\"font-family: 'Times New Roman',serif;\"><strong>J&rsquo;esp\u00e8re que la prochaine ann\u00e9e universitaire commencera par la traditionnelle inauguration le 1er octobre, comme nous en avons l&rsquo;habitude, mais nous devons aussi nous pr\u00e9parer au fait que la situation \u00e9pid\u00e9miologique peut aussi changer au d\u00e9triment &#8211; a d\u00e9clar\u00e9 le professeur Marcin Pa\u0142ys, recteur de l&rsquo;Universit\u00e9 de Varsovie (UW), dans un enregistrement adress\u00e9 \u00e0 la communaut\u00e9 universitaire.<\/strong> <\/span><\/p>\n<p class=\"Standard\"><span lang=\"EN-US\" style=\"font-family: 'Times New Roman',serif;\">Le recteur a d\u00e9clar\u00e9 que certains cours apr\u00e8s les vacances d&rsquo;\u00e9t\u00e9 peuvent \u00eatre poursuivis \u00e0 distance en raison de la n\u00e9cessit\u00e9 de maintenir des conditions s\u00fbres et saines pour \u00e9tudier, travailler et mener des recherches.<\/span><\/p>\n<p class=\"Standard\"><span lang=\"EN-US\" style=\"font-family: 'Times New Roman',serif;\">Notre priorit\u00e9 est de prot\u00e9ger la sant\u00e9 des \u00e9tudiants, des doctorants et des employ\u00e9s, c&rsquo;est pourquoi toutes les activit\u00e9s sont subordonn\u00e9es \u00e0 la n\u00e9cessit\u00e9 de maintenir des r\u00e9gimes sanitaires &#8211; a ajout\u00e9 le recteur de l&rsquo;Universit\u00e9 de Varsovie et a remerci\u00e9 tous les membres de la communaut\u00e9 de l&rsquo;Universit\u00e9 pour leur contribution au maintien de la continuit\u00e9 du fonctionnement de l&rsquo;Universit\u00e9 malgr\u00e9 les circonstances extraordinaires caus\u00e9es par la pand\u00e9mie de coronavirus.<\/span><\/p>\n<p class=\"Standard\"><span lang=\"EN-US\" style=\"font-family: 'Times New Roman',serif;\">Pour plus d\u2019informations : <\/span><\/p>\n<p class=\"Standard\"><span lang=\"EN-US\" style=\"font-family: 'Times New Roman',serif;\"><a href=\"https:\/\/youtu.be\/ILxT73J2ISs\">https:\/\/youtu.be\/ILxT73J2ISs<\/a><\/span><\/p>\n","protected":false},"excerpt":{"rendered":"<p>J&rsquo;esp\u00e8re que la prochaine ann\u00e9e universitaire commencera par la traditionnelle inauguration le 1er octobre, comme nous en avons l&rsquo;habitude, mais nous devons aussi nous pr\u00e9parer au fait que la situation \u00e9pid\u00e9miologique peut aussi changer au d\u00e9triment &#8211; a d\u00e9clar\u00e9 le professeur Marcin Pa\u0142ys, recteur de l&rsquo;Universit\u00e9 de Varsovie (UW), dans un enregistrement adress\u00e9 \u00e0 la [&hellip;]<\/p>\n","protected":false},"author":11,"featured_media":0,"comment_status":"closed","ping_status":"closed","sticky":false,"template":"","format":"standard","meta":[],"categories":[35],"tags":[],"_links":{"self":[{"href":"https:\/\/www.polishscience.pl\/fr\/wp-json\/wp\/v2\/posts\/131642"}],"collection":[{"href":"https:\/\/www.polishscience.pl\/fr\/wp-json\/wp\/v2\/posts"}],"about":[{"href":"https:\/\/www.polishscience.pl\/fr\/wp-json\/wp\/v2\/types\/post"}],"author":[{"embeddable":true,"href":"https:\/\/www.polishscience.pl\/fr\/wp-json\/wp\/v2\/users\/11"}],"replies":[{"embeddable":true,"href":"https:\/\/www.polishscience.pl\/fr\/wp-json\/wp\/v2\/comments?post=131642"}],"version-history":[{"count":0,"href":"https:\/\/www.polishscience.pl\/fr\/wp-json\/wp\/v2\/posts\/131642\/revisions"}],"wp:attachment":[{"href":"https:\/\/www.polishscience.pl\/fr\/wp-json\/wp\/v2\/media?parent=131642"}],"wp:term":[{"taxonomy":"category","embeddable":true,"href":"https:\/\/www.polishscience.pl\/fr\/wp-json\/wp\/v2\/categories?post=131642"},{"taxonomy":"post_tag","embeddable":true,"href":"https:\/\/www.polishscience.pl\/fr\/wp-json\/wp\/v2\/tags?post=131642"}],"curies":[{"name":"wp","href":"https:\/\/api.w.org\/{rel}","templated":true}]}}