{"id":131243,"date":"2020-06-05T15:00:02","date_gmt":"2020-06-05T13:00:02","guid":{"rendered":"http:\/\/polishscience.pl\/?p=131243"},"modified":"2020-06-05T15:00:02","modified_gmt":"2020-06-05T13:00:02","slug":"luniversite-de-szczecin-realisera-le-projet-intitule-concerter-a-lecran","status":"publish","type":"post","link":"https:\/\/www.polishscience.pl\/fr\/luniversite-de-szczecin-realisera-le-projet-intitule-concerter-a-lecran\/","title":{"rendered":"L&rsquo;Universit\u00e9 de Szczecin r\u00e9alisera le projet intitul\u00e9 Concerter \u00e0 l&rsquo;\u00e9cran"},"content":{"rendered":"<p class=\"Standard\"><strong><span lang=\"EN-US\" style=\"font-family: 'Times New Roman',serif;\">La Zone Culturelle pour \u00c9tudiants de l&rsquo;Universit\u00e9 de Szczecin mettra en \u0153uvre le projet \u00ab\u00a0#Concerter \u00e0 l&rsquo;\u00e9cran\u00a0\u00bb, qui a \u00e9t\u00e9 cr\u00e9\u00e9 en coop\u00e9ration avec le D\u00e9partement des Personnes Handicap\u00e9es de l&rsquo;Universit\u00e9 de Szczecin. L&rsquo;argent du projet provient du programme de subvention \u00ab\u00a0La culture sur l\u2019internet\u00a0\u00bb, financ\u00e9 par le minist\u00e8re de la Culture et du Patrimoine National.<\/span><\/strong><\/p>\n<p class=\"Standard\"><span lang=\"EN-US\" style=\"font-family: 'Times New Roman',serif;\"># Concerter \u00e0 l&rsquo;\u00e9cran est une s\u00e9rie de concerts sans public, qui sera r\u00e9alis\u00e9e et enregistr\u00e9e en version num\u00e9rique. Le projet sera suivi par des groupes qui, en 2020, pr\u00e9voyaient de faire une tourn\u00e9e, de sortir un album ou de faire leurs d\u00e9buts sur la sc\u00e8ne musicale polonaise, et dont les projets ont \u00e9t\u00e9 contrari\u00e9s par une pand\u00e9mie. Les concerts auront lieu dans un club de musique pour \u00e9tudiants sp\u00e9cialement am\u00e9nag\u00e9 \u00e0 cet effet.<\/span><\/p>\n<p class=\"Standard\"><span lang=\"EN-US\" style=\"font-family: 'Times New Roman',serif;\">Dans le cadre du programme de subventions \u00ab\u00a0La culture sur le web\u00a0\u00bb, 60 millions de PLN seront allou\u00e9s \u00e0 des b\u00e9n\u00e9ficiaires dans tout le pays. L&rsquo;argent est destin\u00e9 \u00e0 soutenir et \u00e0 d\u00e9velopper les activit\u00e9s culturelles et artistiques du r\u00e9seau pendant l&rsquo;\u00e9pid\u00e9mie de coronavirus. Tous les effets des activit\u00e9s seront disponibles gratuitement sur l&rsquo;internet.<\/span><\/p>\n","protected":false},"excerpt":{"rendered":"<p>La Zone Culturelle pour \u00c9tudiants de l&rsquo;Universit\u00e9 de Szczecin mettra en \u0153uvre le projet \u00ab\u00a0#Concerter \u00e0 l&rsquo;\u00e9cran\u00a0\u00bb, qui a \u00e9t\u00e9 cr\u00e9\u00e9 en coop\u00e9ration avec le D\u00e9partement des Personnes Handicap\u00e9es de l&rsquo;Universit\u00e9 de Szczecin. L&rsquo;argent du projet provient du programme de subvention \u00ab\u00a0La culture sur l\u2019internet\u00a0\u00bb, financ\u00e9 par le minist\u00e8re de la Culture et du Patrimoine [&hellip;]<\/p>\n","protected":false},"author":11,"featured_media":0,"comment_status":"closed","ping_status":"closed","sticky":false,"template":"","format":"standard","meta":[],"categories":[41],"tags":[],"_links":{"self":[{"href":"https:\/\/www.polishscience.pl\/fr\/wp-json\/wp\/v2\/posts\/131243"}],"collection":[{"href":"https:\/\/www.polishscience.pl\/fr\/wp-json\/wp\/v2\/posts"}],"about":[{"href":"https:\/\/www.polishscience.pl\/fr\/wp-json\/wp\/v2\/types\/post"}],"author":[{"embeddable":true,"href":"https:\/\/www.polishscience.pl\/fr\/wp-json\/wp\/v2\/users\/11"}],"replies":[{"embeddable":true,"href":"https:\/\/www.polishscience.pl\/fr\/wp-json\/wp\/v2\/comments?post=131243"}],"version-history":[{"count":0,"href":"https:\/\/www.polishscience.pl\/fr\/wp-json\/wp\/v2\/posts\/131243\/revisions"}],"wp:attachment":[{"href":"https:\/\/www.polishscience.pl\/fr\/wp-json\/wp\/v2\/media?parent=131243"}],"wp:term":[{"taxonomy":"category","embeddable":true,"href":"https:\/\/www.polishscience.pl\/fr\/wp-json\/wp\/v2\/categories?post=131243"},{"taxonomy":"post_tag","embeddable":true,"href":"https:\/\/www.polishscience.pl\/fr\/wp-json\/wp\/v2\/tags?post=131243"}],"curies":[{"name":"wp","href":"https:\/\/api.w.org\/{rel}","templated":true}]}}