{"id":130493,"date":"2020-06-01T15:00:24","date_gmt":"2020-06-01T13:00:24","guid":{"rendered":"http:\/\/polishscience.pl\/?p=130493"},"modified":"2020-06-01T15:12:41","modified_gmt":"2020-06-01T13:12:41","slug":"le-nouveau-recteur-de-luniversite-de-technologie-et-des-sciences-humaines-de-radom","status":"publish","type":"post","link":"https:\/\/www.polishscience.pl\/fr\/le-nouveau-recteur-de-luniversite-de-technologie-et-des-sciences-humaines-de-radom\/","title":{"rendered":"Le nouveau recteur de l&rsquo;Universit\u00e9 de Technologie et des Sciences Humaines de Radom"},"content":{"rendered":"<p class=\"Standard\"><strong><span lang=\"EN-US\" style=\"font-family: 'Times New Roman','serif';\">Le professeur S\u0142awomir Bukowski, l&rsquo;actuel vice-recteur pour le d\u00e9veloppement du personnel et la coop\u00e9ration \u00e9trang\u00e8re, est devenu le nouveau recteur de l&rsquo;Universit\u00e9 de Technologie et des Sciences Humaines (UTH) \u00e0 Radom.<\/span><\/strong><\/p>\n<p class=\"Standard\"><span lang=\"EN-US\" style=\"font-family: 'Times New Roman','serif';\">Le professeur S\u0142awomir Bukowski est dipl\u00f4m\u00e9 de la Facult\u00e9 d&rsquo;Economie de la Polytechnique de la Sainte-Croix (Centre \u00e0 Radom) en 1979. La m\u00eame ann\u00e9e, il a commenc\u00e9 \u00e0 travailler \u00e0 la Facult\u00e9 d&rsquo;Economie de la Polytechnique de Radom. En 1986, il a obtenu son doctorat en \u00e9conomie \u00e0 l&rsquo;Universit\u00e9 de Varsovie, et en 2004, il a re\u00e7u son habilitation en \u00e9conomie \u00e0 l&rsquo;Universit\u00e9 d&rsquo;Economie de Cracovie (actuellement l&rsquo;Universit\u00e9 d&rsquo;Economie de Cracovie). En 2013, il est devenu professeur.<\/span><\/p>\n<p class=\"Standard\"><span lang=\"EN-US\" style=\"font-family: 'Times New Roman','serif';\">Dans les ann\u00e9es 2008-2012, il a \u00e9t\u00e9 doyen de la Facult\u00e9 d&rsquo;Economie de la Polytechnique de Radom. Depuis 2012, il est le vice-recteur de l&rsquo;UTH pour le d\u00e9veloppement du personnel et la coop\u00e9ration \u00e9trang\u00e8re.<\/span><\/p>\n","protected":false},"excerpt":{"rendered":"<p>Le professeur S\u0142awomir Bukowski, l&rsquo;actuel vice-recteur pour le d\u00e9veloppement du personnel et la coop\u00e9ration \u00e9trang\u00e8re, est devenu le nouveau recteur de l&rsquo;Universit\u00e9 de Technologie et des Sciences Humaines (UTH) \u00e0 Radom. Le professeur S\u0142awomir Bukowski est dipl\u00f4m\u00e9 de la Facult\u00e9 d&rsquo;Economie de la Polytechnique de la Sainte-Croix (Centre \u00e0 Radom) en 1979. La m\u00eame ann\u00e9e, [&hellip;]<\/p>\n","protected":false},"author":11,"featured_media":0,"comment_status":"closed","ping_status":"closed","sticky":false,"template":"","format":"standard","meta":[],"categories":[35],"tags":[],"_links":{"self":[{"href":"https:\/\/www.polishscience.pl\/fr\/wp-json\/wp\/v2\/posts\/130493"}],"collection":[{"href":"https:\/\/www.polishscience.pl\/fr\/wp-json\/wp\/v2\/posts"}],"about":[{"href":"https:\/\/www.polishscience.pl\/fr\/wp-json\/wp\/v2\/types\/post"}],"author":[{"embeddable":true,"href":"https:\/\/www.polishscience.pl\/fr\/wp-json\/wp\/v2\/users\/11"}],"replies":[{"embeddable":true,"href":"https:\/\/www.polishscience.pl\/fr\/wp-json\/wp\/v2\/comments?post=130493"}],"version-history":[{"count":0,"href":"https:\/\/www.polishscience.pl\/fr\/wp-json\/wp\/v2\/posts\/130493\/revisions"}],"wp:attachment":[{"href":"https:\/\/www.polishscience.pl\/fr\/wp-json\/wp\/v2\/media?parent=130493"}],"wp:term":[{"taxonomy":"category","embeddable":true,"href":"https:\/\/www.polishscience.pl\/fr\/wp-json\/wp\/v2\/categories?post=130493"},{"taxonomy":"post_tag","embeddable":true,"href":"https:\/\/www.polishscience.pl\/fr\/wp-json\/wp\/v2\/tags?post=130493"}],"curies":[{"name":"wp","href":"https:\/\/api.w.org\/{rel}","templated":true}]}}