{"id":129884,"date":"2020-05-27T12:14:34","date_gmt":"2020-05-27T10:14:34","guid":{"rendered":"http:\/\/polishscience.pl\/?p=129884"},"modified":"2020-05-27T12:14:34","modified_gmt":"2020-05-27T10:14:34","slug":"la-cooperation-internationale-les-possibilites-dactions-a-distance","status":"publish","type":"post","link":"https:\/\/www.polishscience.pl\/fr\/la-cooperation-internationale-les-possibilites-dactions-a-distance\/","title":{"rendered":"La coop\u00e9ration internationale \u2013 Les possibilit\u00e9s d&rsquo;actions \u00e0 distance"},"content":{"rendered":"<p><strong>Le webinaire sous le th\u00e8me cit\u00e9 ci-dessus aura lieu le 28 mai \u00e0 13h30. L&rsquo;\u00e9v\u00e9nement est organis\u00e9 par la Fondation des Recteurs Polonais avec PCG Academia, avec le soutien de l&rsquo;Institut des Affaires Publiques de l&rsquo;Universit\u00e9 Jagellonne et sous le patronage du pr\u00e9sident de la Conf\u00e9rence des recteurs des \u00e9coles universitaires en Pologne.<\/strong><\/p>\n<p>Comme le souligne le \u00ab\u00a0Forum acad\u00e9mique\u00a0\u00bb, le parrain m\u00e9diatique du webinaire, le coronavirus affecte les universit\u00e9s dans leurs activit\u00e9s didactiques, scientifiques et organisationnelles. Les autorit\u00e9s du Recteur sont donc confront\u00e9es \u00e0 la n\u00e9cessit\u00e9 de mettre en \u0153uvre des processus cl\u00e9s pour le fonctionnement des universit\u00e9s dans des conditions totalement nouvelles.<\/p>\n<p>La pand\u00e9mie a un impact n\u00e9gatif sur l&rsquo;internationalisation des universit\u00e9s. La mobilit\u00e9 internationale des \u00e9tudiants et des employ\u00e9s de l&rsquo;enseignement sup\u00e9rieur a \u00e9t\u00e9 tr\u00e8s limit\u00e9e. Les budgets consacr\u00e9s \u00e0 l&rsquo;internationalisation et aux projets internationaux sont \u00e9galement limit\u00e9s. Cette question sera abord\u00e9e dans le webinaire le plus proche, auquel vous pouvez vous inscrire \u00e0 l&rsquo;adresse<\/p>\n<p><a href=\"https:\/\/www.pcgacademiawebinaria.pl\/\">https:\/\/www.pcgacademiawebinaria.pl\/<\/a><\/p>\n","protected":false},"excerpt":{"rendered":"<p>Le webinaire sous le th\u00e8me cit\u00e9 ci-dessus aura lieu le 28 mai \u00e0 13h30. L&rsquo;\u00e9v\u00e9nement est organis\u00e9 par la Fondation des Recteurs Polonais avec PCG Academia, avec le soutien de l&rsquo;Institut des Affaires Publiques de l&rsquo;Universit\u00e9 Jagellonne et sous le patronage du pr\u00e9sident de la Conf\u00e9rence des recteurs des \u00e9coles universitaires en Pologne. Comme le [&hellip;]<\/p>\n","protected":false},"author":11,"featured_media":0,"comment_status":"closed","ping_status":"closed","sticky":false,"template":"","format":"standard","meta":[],"categories":[35,41],"tags":[],"_links":{"self":[{"href":"https:\/\/www.polishscience.pl\/fr\/wp-json\/wp\/v2\/posts\/129884"}],"collection":[{"href":"https:\/\/www.polishscience.pl\/fr\/wp-json\/wp\/v2\/posts"}],"about":[{"href":"https:\/\/www.polishscience.pl\/fr\/wp-json\/wp\/v2\/types\/post"}],"author":[{"embeddable":true,"href":"https:\/\/www.polishscience.pl\/fr\/wp-json\/wp\/v2\/users\/11"}],"replies":[{"embeddable":true,"href":"https:\/\/www.polishscience.pl\/fr\/wp-json\/wp\/v2\/comments?post=129884"}],"version-history":[{"count":0,"href":"https:\/\/www.polishscience.pl\/fr\/wp-json\/wp\/v2\/posts\/129884\/revisions"}],"wp:attachment":[{"href":"https:\/\/www.polishscience.pl\/fr\/wp-json\/wp\/v2\/media?parent=129884"}],"wp:term":[{"taxonomy":"category","embeddable":true,"href":"https:\/\/www.polishscience.pl\/fr\/wp-json\/wp\/v2\/categories?post=129884"},{"taxonomy":"post_tag","embeddable":true,"href":"https:\/\/www.polishscience.pl\/fr\/wp-json\/wp\/v2\/tags?post=129884"}],"curies":[{"name":"wp","href":"https:\/\/api.w.org\/{rel}","templated":true}]}}