{"id":129604,"date":"2020-05-26T17:00:48","date_gmt":"2020-05-26T15:00:48","guid":{"rendered":"http:\/\/polishscience.pl\/?p=129604"},"modified":"2020-05-26T17:00:48","modified_gmt":"2020-05-26T15:00:48","slug":"trois-projets-sur-le-coronavirus-de-luniversite-de-medecine-de-pomeranie-a-szczecin","status":"publish","type":"post","link":"https:\/\/www.polishscience.pl\/fr\/trois-projets-sur-le-coronavirus-de-luniversite-de-medecine-de-pomeranie-a-szczecin\/","title":{"rendered":"Trois projets sur le coronavirus de l&rsquo;Universit\u00e9 de m\u00e9decine de Pom\u00e9ranie \u00e0 Szczecin"},"content":{"rendered":"<p><strong>L&rsquo;Agence de la Recherche M\u00e9dicale a accord\u00e9 trois subventions \u00e0 l&rsquo;Universit\u00e9 de M\u00e9decine de Pom\u00e9ranie \u00e0 Szczecin dans le cadre du concours pour la mise en \u0153uvre de projets visant \u00e0 minimiser le risque \u00e9pid\u00e9miologique associ\u00e9 \u00e0 la propagation du coronavirus SRAS-CoV-2 &#8211; informe l&rsquo;universit\u00e9.<\/strong><\/p>\n<p>Le projet intitul\u00e9 \u00ab\u00a0L\u2019\u00e9valuation de la r\u00e9ponse humorale dans la population expos\u00e9e au CoV 2 du SRAS : implications cliniques, \u00e9pid\u00e9miologiques et organisationnelles pour les soins de sant\u00e9\u00a0\u00bb sera men\u00e9 sous la direction du professeur Bogus\u0142aw Machali\u0144ski. Sa valeur s&rsquo;\u00e9l\u00e8vera \u00e0 pr\u00e8s de 2 millions de PLN.<\/p>\n<p>Le projet intitul\u00e9 \u00ab\u00a0L\u2019application de l&rsquo;antagoniste des r\u00e9cepteurs min\u00e9ralocortico\u00efdes (spironolactone) dans le traitement de la fibrose pulmonaire associ\u00e9e \u00e0 l&rsquo;infection par le CoV-2 du SRAS\u00a0\u00bb, d&rsquo;une valeur de 100 000 PLN, sera dirig\u00e9 par le docteur d\u2019Etat Katarzyna Kotfis, \u00a0tandis que le docteur d\u2019Etat en sciences m\u00e9dicales Jerzy Sie\u0144ko, professeur de l&rsquo;Universit\u00e9 de M\u00e9decine de Pom\u00e9ranie, dirigera le projet \u00ab\u00a0L\u2019analyse des polymorphismes du g\u00e8ne ACE2 dans l&rsquo;\u00e9valuation de la gravit\u00e9 de l&rsquo;\u00e9volution clinique de COVID-19\u00a0\u00bb, d&rsquo;une valeur de 130 000 PLN.<\/p>\n","protected":false},"excerpt":{"rendered":"<p>L&rsquo;Agence de la Recherche M\u00e9dicale a accord\u00e9 trois subventions \u00e0 l&rsquo;Universit\u00e9 de M\u00e9decine de Pom\u00e9ranie \u00e0 Szczecin dans le cadre du concours pour la mise en \u0153uvre de projets visant \u00e0 minimiser le risque \u00e9pid\u00e9miologique associ\u00e9 \u00e0 la propagation du coronavirus SRAS-CoV-2 &#8211; informe l&rsquo;universit\u00e9. Le projet intitul\u00e9 \u00ab\u00a0L\u2019\u00e9valuation de la r\u00e9ponse humorale dans la [&hellip;]<\/p>\n","protected":false},"author":11,"featured_media":0,"comment_status":"closed","ping_status":"closed","sticky":false,"template":"","format":"standard","meta":[],"categories":[39],"tags":[],"_links":{"self":[{"href":"https:\/\/www.polishscience.pl\/fr\/wp-json\/wp\/v2\/posts\/129604"}],"collection":[{"href":"https:\/\/www.polishscience.pl\/fr\/wp-json\/wp\/v2\/posts"}],"about":[{"href":"https:\/\/www.polishscience.pl\/fr\/wp-json\/wp\/v2\/types\/post"}],"author":[{"embeddable":true,"href":"https:\/\/www.polishscience.pl\/fr\/wp-json\/wp\/v2\/users\/11"}],"replies":[{"embeddable":true,"href":"https:\/\/www.polishscience.pl\/fr\/wp-json\/wp\/v2\/comments?post=129604"}],"version-history":[{"count":0,"href":"https:\/\/www.polishscience.pl\/fr\/wp-json\/wp\/v2\/posts\/129604\/revisions"}],"wp:attachment":[{"href":"https:\/\/www.polishscience.pl\/fr\/wp-json\/wp\/v2\/media?parent=129604"}],"wp:term":[{"taxonomy":"category","embeddable":true,"href":"https:\/\/www.polishscience.pl\/fr\/wp-json\/wp\/v2\/categories?post=129604"},{"taxonomy":"post_tag","embeddable":true,"href":"https:\/\/www.polishscience.pl\/fr\/wp-json\/wp\/v2\/tags?post=129604"}],"curies":[{"name":"wp","href":"https:\/\/api.w.org\/{rel}","templated":true}]}}