{"id":129590,"date":"2020-05-26T13:07:00","date_gmt":"2020-05-26T11:07:00","guid":{"rendered":"http:\/\/polishscience.pl\/?p=129590"},"modified":"2020-05-26T13:07:00","modified_gmt":"2020-05-26T11:07:00","slug":"le-nouveau-recteur-de-lecole-superieure-professionnelle-publique-a-elblag","status":"publish","type":"post","link":"https:\/\/www.polishscience.pl\/fr\/le-nouveau-recteur-de-lecole-superieure-professionnelle-publique-a-elblag\/","title":{"rendered":"Le nouveau recteur de l&rsquo;Ecole Sup\u00e9rieure Professionnelle Publique \u00e0 Elbl\u0105g"},"content":{"rendered":"<p><strong>Le professeur Jaros\u0142aw Niedojad\u0142o sera le nouveau recteur de l&rsquo;\u00c9cole Sup\u00e9rieure Professionnelle Publique (PWSZ) \u00e0 Elbl\u0105g \u00e0 partir de septembre. Il remplacera le professeur Zbigniew Walczyk qui dirige l&rsquo;universit\u00e9 depuis 2011.<\/strong><\/p>\n<p>Lors des \u00e9lections \u00e0 distance, le Coll\u00e8ge \u00e9lectoral des \u00e9lecteurs a vot\u00e9 \u00e0 l&rsquo;unanimit\u00e9 pour la candidature du Dr. Jaros\u0142aw Niedojad\u0142o, \u00a0professeur \u00e0 la PWSZ.<\/p>\n<p>Le recteur \u00e9lu est un sp\u00e9cialiste de la technologie des machines. Il est dipl\u00f4m\u00e9 de la Facult\u00e9 de G\u00e9nie M\u00e9canique et de Technologie de la Polytechnique de Gdansk (PG). Il a obtenu son doctorat en sciences techniques \u00e0 la Facult\u00e9 de G\u00e9nie M\u00e9canique de PG en 1995. Dans les ann\u00e9es 1996-2000, il a dirig\u00e9 la branche Elbl\u0105g de la Facult\u00e9 de G\u00e9nie M\u00e9canique de la PG au rang de vice-doyen de l&rsquo;\u00e9ducation.<\/p>\n<p>Depuis la cr\u00e9ation de l&rsquo;\u00c9cole Sup\u00e9rieure Professionnelle Publique \u00e0 Elbl\u0105g, il est directeur de l&rsquo;Institut polytechnique. De 2002 \u00e0 2007, il a \u00e9t\u00e9 vice-recteur de l&rsquo;\u00e9ducation de l&rsquo;Ecole Professionnelle Sup\u00e9rieure Publique \u00e0 \u00a0Elbl\u0105g.<\/p>\n","protected":false},"excerpt":{"rendered":"<p>Le professeur Jaros\u0142aw Niedojad\u0142o sera le nouveau recteur de l&rsquo;\u00c9cole Sup\u00e9rieure Professionnelle Publique (PWSZ) \u00e0 Elbl\u0105g \u00e0 partir de septembre. Il remplacera le professeur Zbigniew Walczyk qui dirige l&rsquo;universit\u00e9 depuis 2011. Lors des \u00e9lections \u00e0 distance, le Coll\u00e8ge \u00e9lectoral des \u00e9lecteurs a vot\u00e9 \u00e0 l&rsquo;unanimit\u00e9 pour la candidature du Dr. Jaros\u0142aw Niedojad\u0142o, \u00a0professeur \u00e0 la [&hellip;]<\/p>\n","protected":false},"author":11,"featured_media":0,"comment_status":"closed","ping_status":"closed","sticky":false,"template":"","format":"standard","meta":[],"categories":[35],"tags":[],"_links":{"self":[{"href":"https:\/\/www.polishscience.pl\/fr\/wp-json\/wp\/v2\/posts\/129590"}],"collection":[{"href":"https:\/\/www.polishscience.pl\/fr\/wp-json\/wp\/v2\/posts"}],"about":[{"href":"https:\/\/www.polishscience.pl\/fr\/wp-json\/wp\/v2\/types\/post"}],"author":[{"embeddable":true,"href":"https:\/\/www.polishscience.pl\/fr\/wp-json\/wp\/v2\/users\/11"}],"replies":[{"embeddable":true,"href":"https:\/\/www.polishscience.pl\/fr\/wp-json\/wp\/v2\/comments?post=129590"}],"version-history":[{"count":0,"href":"https:\/\/www.polishscience.pl\/fr\/wp-json\/wp\/v2\/posts\/129590\/revisions"}],"wp:attachment":[{"href":"https:\/\/www.polishscience.pl\/fr\/wp-json\/wp\/v2\/media?parent=129590"}],"wp:term":[{"taxonomy":"category","embeddable":true,"href":"https:\/\/www.polishscience.pl\/fr\/wp-json\/wp\/v2\/categories?post=129590"},{"taxonomy":"post_tag","embeddable":true,"href":"https:\/\/www.polishscience.pl\/fr\/wp-json\/wp\/v2\/tags?post=129590"}],"curies":[{"name":"wp","href":"https:\/\/api.w.org\/{rel}","templated":true}]}}