{"id":129357,"date":"2020-05-25T13:40:55","date_gmt":"2020-05-25T11:40:55","guid":{"rendered":"http:\/\/polishscience.pl\/?p=129357"},"modified":"2020-05-25T14:13:43","modified_gmt":"2020-05-25T12:13:43","slug":"la-conference-scientifique-intitulee-la-science-et-les-affaires-les-defis-communs-en-ligne-a-luniversite-de-szczecin","status":"publish","type":"post","link":"https:\/\/www.polishscience.pl\/fr\/la-conference-scientifique-intitulee-la-science-et-les-affaires-les-defis-communs-en-ligne-a-luniversite-de-szczecin\/","title":{"rendered":"La conf\u00e9rence scientifique intitul\u00e9e \u00ab\u00a0La science et les affaires, les d\u00e9fis communs\u00a0\u00bb &#8211; en ligne \u00e0 l&rsquo;Universit\u00e9 de Szczecin"},"content":{"rendered":"<p><strong>Le d\u00e9partement d&rsquo;\u00e9conomie de l&rsquo;Institut d&rsquo;Economie et de Finances de l&rsquo;Universit\u00e9 de Szczecin organise une conf\u00e9rence scientifique internationale intitul\u00e9e \u00ab\u00a0La science et les affaires, les d\u00e9fis communs\u00a0\u00bb, qui s&rsquo;adresse aux scientifiques, aux \u00e9tudiants et aux praticiens du monde des affaires ainsi qu&rsquo;aux repr\u00e9sentants de l&rsquo;environnement des affaires. Cette ann\u00e9e, la 6e \u00e9dition de la conf\u00e9rence se tiendra en ligne.<\/strong><\/p>\n<p>Les principaux th\u00e8mes de la conf\u00e9rence pr\u00e9vue le 5 juin sont le d\u00e9veloppement de l&rsquo;entrepreneuriat universitaire et la cr\u00e9ation de start-ups ainsi que la coop\u00e9ration entre la science et les entreprises sur la voie de la lutte contre la crise du coronavirus. Les organisateurs annoncent une discussion sur l&rsquo;\u00e9valuation des possibilit\u00e9s r\u00e9elles de participation des milieux scientifiques polonais \u00e0 l&rsquo;acc\u00e9l\u00e9ration du transfert de technologies modernes et de solutions organisationnelles aux entreprises pour atteindre des objectifs \u00e9conomiques et sociaux.<\/p>\n<p>La conf\u00e9rence est accompagn\u00e9e de l&rsquo;action \u00ab\u00a0Let&rsquo;s Get Greener\u00a0\u00bb et d&rsquo;un concours pour la meilleure affiche consacr\u00e9e aux d\u00e9fis \u00e9cologiques actuels auxquels sont confront\u00e9s les soci\u00e9t\u00e9s, les entreprises et les pays &#8211; informe l&rsquo;universit\u00e9.<\/p>\n","protected":false},"excerpt":{"rendered":"<p>Le d\u00e9partement d&rsquo;\u00e9conomie de l&rsquo;Institut d&rsquo;Economie et de Finances de l&rsquo;Universit\u00e9 de Szczecin organise une conf\u00e9rence scientifique internationale intitul\u00e9e \u00ab\u00a0La science et les affaires, les d\u00e9fis communs\u00a0\u00bb, qui s&rsquo;adresse aux scientifiques, aux \u00e9tudiants et aux praticiens du monde des affaires ainsi qu&rsquo;aux repr\u00e9sentants de l&rsquo;environnement des affaires. Cette ann\u00e9e, la 6e \u00e9dition de la conf\u00e9rence [&hellip;]<\/p>\n","protected":false},"author":11,"featured_media":0,"comment_status":"closed","ping_status":"closed","sticky":false,"template":"","format":"standard","meta":[],"categories":[40,41],"tags":[],"_links":{"self":[{"href":"https:\/\/www.polishscience.pl\/fr\/wp-json\/wp\/v2\/posts\/129357"}],"collection":[{"href":"https:\/\/www.polishscience.pl\/fr\/wp-json\/wp\/v2\/posts"}],"about":[{"href":"https:\/\/www.polishscience.pl\/fr\/wp-json\/wp\/v2\/types\/post"}],"author":[{"embeddable":true,"href":"https:\/\/www.polishscience.pl\/fr\/wp-json\/wp\/v2\/users\/11"}],"replies":[{"embeddable":true,"href":"https:\/\/www.polishscience.pl\/fr\/wp-json\/wp\/v2\/comments?post=129357"}],"version-history":[{"count":0,"href":"https:\/\/www.polishscience.pl\/fr\/wp-json\/wp\/v2\/posts\/129357\/revisions"}],"wp:attachment":[{"href":"https:\/\/www.polishscience.pl\/fr\/wp-json\/wp\/v2\/media?parent=129357"}],"wp:term":[{"taxonomy":"category","embeddable":true,"href":"https:\/\/www.polishscience.pl\/fr\/wp-json\/wp\/v2\/categories?post=129357"},{"taxonomy":"post_tag","embeddable":true,"href":"https:\/\/www.polishscience.pl\/fr\/wp-json\/wp\/v2\/tags?post=129357"}],"curies":[{"name":"wp","href":"https:\/\/api.w.org\/{rel}","templated":true}]}}