{"id":128979,"date":"2020-05-21T14:10:36","date_gmt":"2020-05-21T12:10:36","guid":{"rendered":"http:\/\/polishscience.pl\/?p=128979"},"modified":"2020-05-21T14:10:36","modified_gmt":"2020-05-21T12:10:36","slug":"1-la-teleconference-intitulee-les-ecoles-polytechniques-aident","status":"publish","type":"post","link":"https:\/\/www.polishscience.pl\/fr\/1-la-teleconference-intitulee-les-ecoles-polytechniques-aident\/","title":{"rendered":"1. La t\u00e9l\u00e9conf\u00e9rence  intitul\u00e9e \u00ab\u00a0les Ecoles Polytechniques aident\u00a0\u00bb"},"content":{"rendered":"<p><strong>\u00c0 l&rsquo;initiative de la Conf\u00e9rence des vice-recteurs \u00e0 l&rsquo;\u00e9ducation et aux affaires \u00e9tudiantes des universit\u00e9s techniques, une t\u00e9l\u00e9conf\u00e9rence intitul\u00e9e \u00ab\u00a0la Polytechnique aide\u00a0\u00bb a \u00e9t\u00e9 organis\u00e9e, \u00e0 laquelle ont particip\u00e9 le ministre des Sciences et de l&rsquo;Enseignement Sup\u00e9rieur Wojciech Murdzek et les vice-ministres Anna Budzanowska et Wojciech Maksymowicz.<\/strong><\/p>\n<p>Depuis de nombreuses semaines, les \u00e9coles polytechniques polonaises participent \u00e0 la lutte contre le coronavirus : elles pr\u00e9parent des visi\u00e8res de protection bas\u00e9es sur l&rsquo;impression 3D, organisent des collectes publiques, fournissent aux h\u00f4pitaux du mat\u00e9riel de laboratoire et des cam\u00e9ras d&rsquo;imagerie thermique, et participent \u00e9galement aux travaux sur le prototype du respirateur.<\/p>\n<p>L&rsquo;\u00e9nergie d\u00e9ploy\u00e9e en ces temps difficiles &#8211; de la recherche scientifique, des r\u00e9alisations en mati\u00e8re de tests sur le coronavirus, de la cr\u00e9ation de visi\u00e8res, de la couture de masques, aux gestes de solidarit\u00e9 humaine \u2013 la fourniture de m\u00e9dicaments, de nourriture pour les personnes dans le besoin, limplication dans les foyers d&rsquo;aide sociale, o\u00f9 la situation d\u00e9passait les capacit\u00e9s de ceux qui y travaillaient, o\u00f9 parfois l&rsquo;esprit \u00e9tait d\u00e9j\u00e0 en train de tomber &#8211; sont des histoires extr\u00eamement pr\u00e9cieuses\u00a0\u00bb, a soulign\u00e9 le ministre Murdzek lors de la t\u00e9l\u00e9conf\u00e9rence.<\/p>\n","protected":false},"excerpt":{"rendered":"<p>\u00c0 l&rsquo;initiative de la Conf\u00e9rence des vice-recteurs \u00e0 l&rsquo;\u00e9ducation et aux affaires \u00e9tudiantes des universit\u00e9s techniques, une t\u00e9l\u00e9conf\u00e9rence intitul\u00e9e \u00ab\u00a0la Polytechnique aide\u00a0\u00bb a \u00e9t\u00e9 organis\u00e9e, \u00e0 laquelle ont particip\u00e9 le ministre des Sciences et de l&rsquo;Enseignement Sup\u00e9rieur Wojciech Murdzek et les vice-ministres Anna Budzanowska et Wojciech Maksymowicz. Depuis de nombreuses semaines, les \u00e9coles polytechniques polonaises [&hellip;]<\/p>\n","protected":false},"author":11,"featured_media":0,"comment_status":"closed","ping_status":"closed","sticky":false,"template":"","format":"standard","meta":[],"categories":[41],"tags":[],"_links":{"self":[{"href":"https:\/\/www.polishscience.pl\/fr\/wp-json\/wp\/v2\/posts\/128979"}],"collection":[{"href":"https:\/\/www.polishscience.pl\/fr\/wp-json\/wp\/v2\/posts"}],"about":[{"href":"https:\/\/www.polishscience.pl\/fr\/wp-json\/wp\/v2\/types\/post"}],"author":[{"embeddable":true,"href":"https:\/\/www.polishscience.pl\/fr\/wp-json\/wp\/v2\/users\/11"}],"replies":[{"embeddable":true,"href":"https:\/\/www.polishscience.pl\/fr\/wp-json\/wp\/v2\/comments?post=128979"}],"version-history":[{"count":0,"href":"https:\/\/www.polishscience.pl\/fr\/wp-json\/wp\/v2\/posts\/128979\/revisions"}],"wp:attachment":[{"href":"https:\/\/www.polishscience.pl\/fr\/wp-json\/wp\/v2\/media?parent=128979"}],"wp:term":[{"taxonomy":"category","embeddable":true,"href":"https:\/\/www.polishscience.pl\/fr\/wp-json\/wp\/v2\/categories?post=128979"},{"taxonomy":"post_tag","embeddable":true,"href":"https:\/\/www.polishscience.pl\/fr\/wp-json\/wp\/v2\/tags?post=128979"}],"curies":[{"name":"wp","href":"https:\/\/api.w.org\/{rel}","templated":true}]}}