{"id":128671,"date":"2020-05-19T12:40:10","date_gmt":"2020-05-19T10:40:10","guid":{"rendered":"http:\/\/polishscience.pl\/?p=128671"},"modified":"2020-05-19T13:41:05","modified_gmt":"2020-05-19T11:41:05","slug":"les-journees-de-lafrique-a-olsztyn-se-derouleront-en-ligne","status":"publish","type":"post","link":"https:\/\/www.polishscience.pl\/fr\/les-journees-de-lafrique-a-olsztyn-se-derouleront-en-ligne\/","title":{"rendered":"Les Journ\u00e9es de l&rsquo;Afrique \u00e0 Olsztyn se d\u00e9rouleront en ligne"},"content":{"rendered":"<p><strong>\u00ab\u00a0L&rsquo;Afrique en langues &#8211; les langues en Afrique\u00a0\u00bb est le th\u00e8me des Journ\u00e9es de l&rsquo;Afrique organis\u00e9es cette ann\u00e9e \u00e0 l&rsquo;Universit\u00e9 de Varmie et de Mazurie (UWM) \u00e0 Olsztyn. La conf\u00e9rence scientifique internationale se tiendra le 23 juin 2020 en mode en ligne.<\/strong><\/p>\n<p>Cette ann\u00e9e, en raison de la situation dans le monde, nous avons d\u00fb changer la forme de la conf\u00e9rence. Nous avons d\u00e9cid\u00e9 qu&rsquo;il se tiendra en ligne le 23 juin. Ce sera une journ\u00e9e enti\u00e8re et gratuite &#8211; a d\u00e9clar\u00e9 sur Radio UWM FM le Dr. Bara Ndiaye, pr\u00e9sident du comit\u00e9 d&rsquo;organisation.<\/p>\n<p>La conf\u00e9rence comprendra les blocs de probl\u00e8mes suivants : Les langues africaines ; les langues officielles en Afrique, \u00a0les langues \u00e9crites en Afrique ; les langues africaines et les aspects de la traduction ; les langues africaines et la communication interculturelle ; le discours historique sur l&rsquo;Afrique ; le discours anthropologique et ethnologique sur l&rsquo;Afrique ; le discours politique sur l&rsquo;Afrique ; le discours m\u00e9diatique sur l&rsquo;Afrique ; le discours \u00e9conomique sur l&rsquo;Afrique et le discours scientifique sur l&rsquo;Afrique.<\/p>\n","protected":false},"excerpt":{"rendered":"<p>\u00ab\u00a0L&rsquo;Afrique en langues &#8211; les langues en Afrique\u00a0\u00bb est le th\u00e8me des Journ\u00e9es de l&rsquo;Afrique organis\u00e9es cette ann\u00e9e \u00e0 l&rsquo;Universit\u00e9 de Varmie et de Mazurie (UWM) \u00e0 Olsztyn. La conf\u00e9rence scientifique internationale se tiendra le 23 juin 2020 en mode en ligne. Cette ann\u00e9e, en raison de la situation dans le monde, nous avons d\u00fb [&hellip;]<\/p>\n","protected":false},"author":11,"featured_media":0,"comment_status":"closed","ping_status":"closed","sticky":false,"template":"","format":"standard","meta":[],"categories":[41],"tags":[],"_links":{"self":[{"href":"https:\/\/www.polishscience.pl\/fr\/wp-json\/wp\/v2\/posts\/128671"}],"collection":[{"href":"https:\/\/www.polishscience.pl\/fr\/wp-json\/wp\/v2\/posts"}],"about":[{"href":"https:\/\/www.polishscience.pl\/fr\/wp-json\/wp\/v2\/types\/post"}],"author":[{"embeddable":true,"href":"https:\/\/www.polishscience.pl\/fr\/wp-json\/wp\/v2\/users\/11"}],"replies":[{"embeddable":true,"href":"https:\/\/www.polishscience.pl\/fr\/wp-json\/wp\/v2\/comments?post=128671"}],"version-history":[{"count":0,"href":"https:\/\/www.polishscience.pl\/fr\/wp-json\/wp\/v2\/posts\/128671\/revisions"}],"wp:attachment":[{"href":"https:\/\/www.polishscience.pl\/fr\/wp-json\/wp\/v2\/media?parent=128671"}],"wp:term":[{"taxonomy":"category","embeddable":true,"href":"https:\/\/www.polishscience.pl\/fr\/wp-json\/wp\/v2\/categories?post=128671"},{"taxonomy":"post_tag","embeddable":true,"href":"https:\/\/www.polishscience.pl\/fr\/wp-json\/wp\/v2\/tags?post=128671"}],"curies":[{"name":"wp","href":"https:\/\/api.w.org\/{rel}","templated":true}]}}