{"id":128270,"date":"2020-05-18T14:55:39","date_gmt":"2020-05-18T12:55:39","guid":{"rendered":"http:\/\/polishscience.pl\/?p=128270"},"modified":"2020-05-18T15:05:00","modified_gmt":"2020-05-18T13:05:00","slug":"les-projets-de-luniversite-adam-mickiewicz-a-poznan-avec-financement-ministeriel","status":"publish","type":"post","link":"https:\/\/www.polishscience.pl\/fr\/les-projets-de-luniversite-adam-mickiewicz-a-poznan-avec-financement-ministeriel\/","title":{"rendered":"Les projets de l&rsquo;Universit\u00e9 Adam Mickiewicz \u00e0 Pozna\u0144 avec financement minist\u00e9riel"},"content":{"rendered":"<p><strong>Les projets de l&rsquo;Universit\u00e9 Adam Mickiewicz \u00e0 Pozna\u0144 ont \u00e9t\u00e9 financ\u00e9s dans le cadre de deux concours du minist\u00e8re des Sciences et de l&rsquo;Enseignement Sup\u00e9rieur : \u00ab\u00a0La science excellente\u00a0\u00bb et \u00ab\u00a0La responsabilit\u00e9 sociale de la science\u00a0\u00bb &#8211; informe l&rsquo;universit\u00e9.<\/strong><\/p>\n<p>Dans le cadre du concours \u00ab\u00a0Science excellente\u00a0\u00bb, des financements ont \u00e9t\u00e9 accord\u00e9s \u00e0 : XXIIIe Congr\u00e8s International des Sciences Historiques Pozna\u0144 2020 ; la Rebellion du peuple. Les protestations dans l&rsquo;Europe du 21e si\u00e8cle \u2013 les traditions, les objectifs, les modes d&rsquo;auto-organisation ; BIO-EPICUR NET et la conf\u00e9rence scientifique \u00ab\u00a0ELAZ 2020, une conf\u00e9rence sur la th\u00e9orie \u00e9l\u00e9mentaire et analytique des nombres\u00a0\u00bb et the 3rd World Conference of the Society for Urban Ecology 2020. Cities as SocialEcological System. Les villes comme syst\u00e8me socio-\u00e9cologique &#8211; Fondation Universitaire Adam Mickiewicz.<\/p>\n<p>Gr\u00e2ce au financement du concours \u00ab\u00a0La responsabilit\u00e9 sociale de la science\u00a0\u00bb qui soutient, entre autres, la vulgarisation de la science ou la promotion du sport universitaire sera mis en \u0153uvre : Le Festival des Sciences et des Arts de Pozna\u0144 ; Academy &rsquo;21 ; Les math\u00e9matiques ont du pouvoir ! &#8211; la vulgarisation des sciences math\u00e9matiques \u00e0 l&rsquo;UAM WMiI \u00e0 Pozna\u0144 et l&rsquo;escrime cr\u00e9e des liens.<\/p>\n","protected":false},"excerpt":{"rendered":"<p>Les projets de l&rsquo;Universit\u00e9 Adam Mickiewicz \u00e0 Pozna\u0144 ont \u00e9t\u00e9 financ\u00e9s dans le cadre de deux concours du minist\u00e8re des Sciences et de l&rsquo;Enseignement Sup\u00e9rieur : \u00ab\u00a0La science excellente\u00a0\u00bb et \u00ab\u00a0La responsabilit\u00e9 sociale de la science\u00a0\u00bb &#8211; informe l&rsquo;universit\u00e9. Dans le cadre du concours \u00ab\u00a0Science excellente\u00a0\u00bb, des financements ont \u00e9t\u00e9 accord\u00e9s \u00e0 : XXIIIe Congr\u00e8s [&hellip;]<\/p>\n","protected":false},"author":11,"featured_media":0,"comment_status":"closed","ping_status":"closed","sticky":false,"template":"","format":"standard","meta":[],"categories":[35],"tags":[],"_links":{"self":[{"href":"https:\/\/www.polishscience.pl\/fr\/wp-json\/wp\/v2\/posts\/128270"}],"collection":[{"href":"https:\/\/www.polishscience.pl\/fr\/wp-json\/wp\/v2\/posts"}],"about":[{"href":"https:\/\/www.polishscience.pl\/fr\/wp-json\/wp\/v2\/types\/post"}],"author":[{"embeddable":true,"href":"https:\/\/www.polishscience.pl\/fr\/wp-json\/wp\/v2\/users\/11"}],"replies":[{"embeddable":true,"href":"https:\/\/www.polishscience.pl\/fr\/wp-json\/wp\/v2\/comments?post=128270"}],"version-history":[{"count":0,"href":"https:\/\/www.polishscience.pl\/fr\/wp-json\/wp\/v2\/posts\/128270\/revisions"}],"wp:attachment":[{"href":"https:\/\/www.polishscience.pl\/fr\/wp-json\/wp\/v2\/media?parent=128270"}],"wp:term":[{"taxonomy":"category","embeddable":true,"href":"https:\/\/www.polishscience.pl\/fr\/wp-json\/wp\/v2\/categories?post=128270"},{"taxonomy":"post_tag","embeddable":true,"href":"https:\/\/www.polishscience.pl\/fr\/wp-json\/wp\/v2\/tags?post=128270"}],"curies":[{"name":"wp","href":"https:\/\/api.w.org\/{rel}","templated":true}]}}