{"id":127790,"date":"2020-05-14T13:21:44","date_gmt":"2020-05-14T11:21:44","guid":{"rendered":"http:\/\/polishscience.pl\/?p=127790"},"modified":"2020-05-14T13:21:44","modified_gmt":"2020-05-14T11:21:44","slug":"des-chercheurs-de-lublin-ont-construit-un-prototype-de-respirateur-a-petit-budget","status":"publish","type":"post","link":"https:\/\/www.polishscience.pl\/fr\/des-chercheurs-de-lublin-ont-construit-un-prototype-de-respirateur-a-petit-budget\/","title":{"rendered":"Des chercheurs de Lublin ont construit un prototype de respirateur \u00e0 petit budget"},"content":{"rendered":"<p><strong>Des chercheurs de la Polytechnique de Lublin (PL) et de l&rsquo;Universit\u00e9 de M\u00e9decine (UM) de Lublin ont termin\u00e9 la construction d&rsquo;un prototype du respirateur. Il s&rsquo;agit d&rsquo;un appareil \u00e0 petit budget utilis\u00e9 pour aider les personnes souffrant d&rsquo;une insuffisance respiratoire, par exemple en cas d&rsquo;infection par le SRAS-CoV-2.<\/strong><\/p>\n<p>Le prototype de l&rsquo;appareil a \u00e9t\u00e9 cr\u00e9\u00e9 en utilisant des mat\u00e9riaux et des \u00e9l\u00e9ments bon march\u00e9 et largement disponibles, imprim\u00e9s sur des imprimantes 3D. Nous y avons travaill\u00e9 pendant plus d&rsquo;un mois. L&rsquo;appareil a \u00e9t\u00e9 construit sur la base d&rsquo;un moteur \u00e9lectrique et d&rsquo;un syst\u00e8me de transmission permettant la compression cyclique du sac AMBU utilis\u00e9 pour la r\u00e9animation manuelle. Le co\u00fbt estim\u00e9 du travail ne d\u00e9passe pas 1 000 PLN &#8211; a d\u00e9clar\u00e9 le professeur Ryszard Maciejewski, coordinateur du projet, chef du d\u00e9partement d&rsquo;anatomie humaine \u00e0 l&rsquo;Universit\u00e9 de M\u00e9decine de Lublin, doyen de la Facult\u00e9 de M\u00e9decine et de Dentisterie.<\/p>\n<p>Le docteur ing\u00e9nieur Marcin Maciejewski du D\u00e9partement de t\u00e9l\u00e9informatique et de diagnostic m\u00e9dical de la Facult\u00e9 d&rsquo;\u00e9lectrotechnique et d&rsquo;informatique de la Polytechnique de Lublin et l\u2019ing\u00e9nieur Robert Karpi\u0144ski du D\u00e9partement des bases de la construction de machines et de la m\u00e9catronique de la Facult\u00e9 de g\u00e9nie m\u00e9canique de la PL travaillent en collaboration avec le professeur Maciejewski sur la r\u00e9alisation du projet.<\/p>\n","protected":false},"excerpt":{"rendered":"<p>Des chercheurs de la Polytechnique de Lublin (PL) et de l&rsquo;Universit\u00e9 de M\u00e9decine (UM) de Lublin ont termin\u00e9 la construction d&rsquo;un prototype du respirateur. Il s&rsquo;agit d&rsquo;un appareil \u00e0 petit budget utilis\u00e9 pour aider les personnes souffrant d&rsquo;une insuffisance respiratoire, par exemple en cas d&rsquo;infection par le SRAS-CoV-2. Le prototype de l&rsquo;appareil a \u00e9t\u00e9 cr\u00e9\u00e9 [&hellip;]<\/p>\n","protected":false},"author":11,"featured_media":0,"comment_status":"closed","ping_status":"closed","sticky":false,"template":"","format":"standard","meta":[],"categories":[39],"tags":[],"_links":{"self":[{"href":"https:\/\/www.polishscience.pl\/fr\/wp-json\/wp\/v2\/posts\/127790"}],"collection":[{"href":"https:\/\/www.polishscience.pl\/fr\/wp-json\/wp\/v2\/posts"}],"about":[{"href":"https:\/\/www.polishscience.pl\/fr\/wp-json\/wp\/v2\/types\/post"}],"author":[{"embeddable":true,"href":"https:\/\/www.polishscience.pl\/fr\/wp-json\/wp\/v2\/users\/11"}],"replies":[{"embeddable":true,"href":"https:\/\/www.polishscience.pl\/fr\/wp-json\/wp\/v2\/comments?post=127790"}],"version-history":[{"count":0,"href":"https:\/\/www.polishscience.pl\/fr\/wp-json\/wp\/v2\/posts\/127790\/revisions"}],"wp:attachment":[{"href":"https:\/\/www.polishscience.pl\/fr\/wp-json\/wp\/v2\/media?parent=127790"}],"wp:term":[{"taxonomy":"category","embeddable":true,"href":"https:\/\/www.polishscience.pl\/fr\/wp-json\/wp\/v2\/categories?post=127790"},{"taxonomy":"post_tag","embeddable":true,"href":"https:\/\/www.polishscience.pl\/fr\/wp-json\/wp\/v2\/tags?post=127790"}],"curies":[{"name":"wp","href":"https:\/\/api.w.org\/{rel}","templated":true}]}}