{"id":127788,"date":"2020-05-14T13:21:36","date_gmt":"2020-05-14T11:21:36","guid":{"rendered":"http:\/\/polishscience.pl\/?p=127788"},"modified":"2020-05-14T13:21:36","modified_gmt":"2020-05-14T11:21:36","slug":"le-professeur-jacek-popiel-est-le-nouveau-recteur-de-luniversite-jagellonne","status":"publish","type":"post","link":"https:\/\/www.polishscience.pl\/fr\/le-professeur-jacek-popiel-est-le-nouveau-recteur-de-luniversite-jagellonne\/","title":{"rendered":"Le Professeur Jacek Popiel est le nouveau recteur de l&rsquo;Universit\u00e9 Jagellonne"},"content":{"rendered":"<p><strong>L&rsquo;actuel vice-recteur pour les ressources humaines et la politique financi\u00e8re, le professeur Jacek Popiel, deviendra le nouveau recteur de l&rsquo;Universit\u00e9 Jagellonne (UJ). Le 12 mai, 193 repr\u00e9sentants du Coll\u00e8ge \u00e9lectoral ont soutenu sa candidature. En raison de la pand\u00e9mie, le vote s&rsquo;est fait par voie \u00e9lectronique. Aux \u00e9lections pour la l\u00e9gislature 2020-2024, il \u00e9tait le seul candidat.<\/strong><\/p>\n<p>Comme l&rsquo;Universit\u00e9 Jagellonne l&rsquo;informe, le 306\u00e8me Recteur de l&rsquo;Universit\u00e9 Jagellonne a \u00e9t\u00e9 \u00e9lu par le Coll\u00e8ge des \u00c9lecteurs compos\u00e9 de 227 personnes repr\u00e9sentant tous les membres de la communaut\u00e9 universitaire. Le mandat du nouveau recteur de l&rsquo;Universit\u00e9 Jagellonne d\u00e9butera le 1er septembre.<\/p>\n<p>C&rsquo;est un grand honneur et en m\u00eame temps un grand devoir, \u00e0 un moment o\u00f9 nous sommes dans une p\u00e9riode tr\u00e8s sp\u00e9ciale, dans le monde des pand\u00e9mies. En ce moment, il est de la plus haute importance de permettre \u00e0 tous les employ\u00e9s, \u00e9tudiants et doctorants de mener des recherches scientifiques en toute s\u00e9curit\u00e9 et d&rsquo;organiser la vie universitaire. Ce sera l&rsquo;une de mes premi\u00e8res t\u00e2ches &#8211; a d\u00e9clar\u00e9 le nouveau recteur de l&rsquo;Universit\u00e9 Jagellonne.<\/p>\n<p>Jacek Popiel est professeur de sciences humaines dans le domaine des \u00e9tudes litt\u00e9raires et th\u00e9\u00e2trales. Il travaille \u00e0 l&rsquo;Universit\u00e9 Jagellonne depuis 1977. Il a \u00e9t\u00e9 directeur de l&rsquo;Institut d&rsquo;Etudes Polonaises, puis doyen de la Facult\u00e9 d&rsquo;Etudes Polonaises. Depuis 2012, il est le vice-recteur charg\u00e9 des ressources humaines et de la politique financi\u00e8re.<\/p>\n","protected":false},"excerpt":{"rendered":"<p>L&rsquo;actuel vice-recteur pour les ressources humaines et la politique financi\u00e8re, le professeur Jacek Popiel, deviendra le nouveau recteur de l&rsquo;Universit\u00e9 Jagellonne (UJ). Le 12 mai, 193 repr\u00e9sentants du Coll\u00e8ge \u00e9lectoral ont soutenu sa candidature. En raison de la pand\u00e9mie, le vote s&rsquo;est fait par voie \u00e9lectronique. Aux \u00e9lections pour la l\u00e9gislature 2020-2024, il \u00e9tait le [&hellip;]<\/p>\n","protected":false},"author":11,"featured_media":0,"comment_status":"closed","ping_status":"closed","sticky":false,"template":"","format":"standard","meta":[],"categories":[35],"tags":[],"_links":{"self":[{"href":"https:\/\/www.polishscience.pl\/fr\/wp-json\/wp\/v2\/posts\/127788"}],"collection":[{"href":"https:\/\/www.polishscience.pl\/fr\/wp-json\/wp\/v2\/posts"}],"about":[{"href":"https:\/\/www.polishscience.pl\/fr\/wp-json\/wp\/v2\/types\/post"}],"author":[{"embeddable":true,"href":"https:\/\/www.polishscience.pl\/fr\/wp-json\/wp\/v2\/users\/11"}],"replies":[{"embeddable":true,"href":"https:\/\/www.polishscience.pl\/fr\/wp-json\/wp\/v2\/comments?post=127788"}],"version-history":[{"count":0,"href":"https:\/\/www.polishscience.pl\/fr\/wp-json\/wp\/v2\/posts\/127788\/revisions"}],"wp:attachment":[{"href":"https:\/\/www.polishscience.pl\/fr\/wp-json\/wp\/v2\/media?parent=127788"}],"wp:term":[{"taxonomy":"category","embeddable":true,"href":"https:\/\/www.polishscience.pl\/fr\/wp-json\/wp\/v2\/categories?post=127788"},{"taxonomy":"post_tag","embeddable":true,"href":"https:\/\/www.polishscience.pl\/fr\/wp-json\/wp\/v2\/tags?post=127788"}],"curies":[{"name":"wp","href":"https:\/\/api.w.org\/{rel}","templated":true}]}}