{"id":125718,"date":"2020-04-29T13:50:05","date_gmt":"2020-04-29T11:50:05","guid":{"rendered":"http:\/\/polishscience.pl\/?p=125718"},"modified":"2020-04-29T13:50:05","modified_gmt":"2020-04-29T11:50:05","slug":"les-webinaires-les-universites-face-a-lepidemie-les-nouvelles-conditions-et-les-bonnes-pratiques","status":"publish","type":"post","link":"https:\/\/www.polishscience.pl\/fr\/les-webinaires-les-universites-face-a-lepidemie-les-nouvelles-conditions-et-les-bonnes-pratiques\/","title":{"rendered":"Les webinaires \u00ab\u00a0Les universit\u00e9s face \u00e0 l&rsquo;\u00e9pid\u00e9mie : les nouvelles conditions et les bonnes pratiques\u201d"},"content":{"rendered":"<p><strong>\u00ab\u00a0Les universit\u00e9s pendant l&rsquo;\u00e9pid\u00e9mie : les nouvelles conditions et les bonnes pratiques\u00a0\u00bb &#8211; les webinaires sous ce titre sont organis\u00e9s par la Fondation des Recteurs Polonais avec le PCG Academia, avec le soutien de l&rsquo;Institut des Affaires Publiques de l&rsquo;Universit\u00e9 Jagellonne et sous le patronage du pr\u00e9sident de la Conf\u00e9rence des recteurs des \u00e9coles acad\u00e9miques en Pologne &#8211; informe le \u00ab\u00a0Forum acad\u00e9mique\u00a0\u00bb.<\/strong><\/p>\n<p>L&rsquo;objectif du programme est d&rsquo;aider les autorit\u00e9s universitaires \u00e0 prendre des d\u00e9cisions \u00e0 l&rsquo;\u00e9poque de l&rsquo;\u00e9pid\u00e9mie de COVID-19. Le coronavirus affecte les universit\u00e9s dans leurs activit\u00e9s didactiques, scientifiques et organisationnelles. Les autorit\u00e9s du Recteur sont donc confront\u00e9es \u00e0 la n\u00e9cessit\u00e9 de mettre en \u0153uvre des processus cl\u00e9s pour le fonctionnement des \u00e9tablissements d\u2019\u00e9tudes sup\u00e9rieures dans des conditions totalement nouvelles.<\/p>\n<p>Les webinaires seront une plateforme d&rsquo;\u00e9change d&rsquo;exp\u00e9riences et de diffusion de bonnes pratiques entre les repr\u00e9sentants des universit\u00e9s, d&rsquo;interpr\u00e9tation des r\u00e9glementations juridiques en vigueur ou de formulation d&rsquo;une position commune sur les r\u00e8gles du syst\u00e8me, concernant le fonctionnement des universit\u00e9s et les aspirations et craintes des membres de sa communaut\u00e9.<\/p>\n","protected":false},"excerpt":{"rendered":"<p>\u00ab\u00a0Les universit\u00e9s pendant l&rsquo;\u00e9pid\u00e9mie : les nouvelles conditions et les bonnes pratiques\u00a0\u00bb &#8211; les webinaires sous ce titre sont organis\u00e9s par la Fondation des Recteurs Polonais avec le PCG Academia, avec le soutien de l&rsquo;Institut des Affaires Publiques de l&rsquo;Universit\u00e9 Jagellonne et sous le patronage du pr\u00e9sident de la Conf\u00e9rence des recteurs des \u00e9coles acad\u00e9miques [&hellip;]<\/p>\n","protected":false},"author":11,"featured_media":0,"comment_status":"closed","ping_status":"closed","sticky":false,"template":"","format":"standard","meta":[],"categories":[35,41],"tags":[],"_links":{"self":[{"href":"https:\/\/www.polishscience.pl\/fr\/wp-json\/wp\/v2\/posts\/125718"}],"collection":[{"href":"https:\/\/www.polishscience.pl\/fr\/wp-json\/wp\/v2\/posts"}],"about":[{"href":"https:\/\/www.polishscience.pl\/fr\/wp-json\/wp\/v2\/types\/post"}],"author":[{"embeddable":true,"href":"https:\/\/www.polishscience.pl\/fr\/wp-json\/wp\/v2\/users\/11"}],"replies":[{"embeddable":true,"href":"https:\/\/www.polishscience.pl\/fr\/wp-json\/wp\/v2\/comments?post=125718"}],"version-history":[{"count":0,"href":"https:\/\/www.polishscience.pl\/fr\/wp-json\/wp\/v2\/posts\/125718\/revisions"}],"wp:attachment":[{"href":"https:\/\/www.polishscience.pl\/fr\/wp-json\/wp\/v2\/media?parent=125718"}],"wp:term":[{"taxonomy":"category","embeddable":true,"href":"https:\/\/www.polishscience.pl\/fr\/wp-json\/wp\/v2\/categories?post=125718"},{"taxonomy":"post_tag","embeddable":true,"href":"https:\/\/www.polishscience.pl\/fr\/wp-json\/wp\/v2\/tags?post=125718"}],"curies":[{"name":"wp","href":"https:\/\/api.w.org\/{rel}","templated":true}]}}