{"id":124941,"date":"2020-04-22T17:07:47","date_gmt":"2020-04-22T15:07:47","guid":{"rendered":"http:\/\/polishscience.pl\/?p=124941"},"modified":"2020-04-22T17:07:47","modified_gmt":"2020-04-22T15:07:47","slug":"le-coronavirus-a-reduit-le-trafic-routier-mais-le-smog-est-reste-la-recherche-de-la-polytechnique-de-wroclaw","status":"publish","type":"post","link":"https:\/\/www.polishscience.pl\/fr\/le-coronavirus-a-reduit-le-trafic-routier-mais-le-smog-est-reste-la-recherche-de-la-polytechnique-de-wroclaw\/","title":{"rendered":"Le coronavirus a r\u00e9duit le trafic routier, mais le smog est rest\u00e9 \u2013 La recherche de la Polytechnique de Wroc\u0142aw"},"content":{"rendered":"<p><strong>Malgr\u00e9 un nombre de voitures moins important et des recommandations visant \u00e0 r\u00e9duire le trafic au tournant des mois de mars et avril, le niveau de pollution atmosph\u00e9rique sur Wroc\u0142aw \u00e9tait plus \u00e9lev\u00e9 que l&rsquo;ann\u00e9e derni\u00e8re \u2013 les r\u00e9sultats des observations des scientifiques de la Facult\u00e9 d&rsquo;ing\u00e9nierie environnementale et de la Facult\u00e9 de technologie de l&rsquo;information et de gestion de la Polytechnique de Wroc\u0142aw.<\/strong><\/p>\n<p>L&rsquo;objectif de la recherche men\u00e9e du 11 mars au 2 avril \u00e9tait d&rsquo;analyser la variabilit\u00e9 des concentrations de PM2,5 pendant l&rsquo;activit\u00e9 limit\u00e9e de la communaut\u00e9 universitaire et des habitants de Wroc\u0142aw, caus\u00e9e par l&rsquo;annonce d&rsquo;un risque d&rsquo;\u00e9pid\u00e9mie et l&rsquo;\u00e9tat de l&rsquo;\u00e9pid\u00e9mie suite \u00e0 la propagation du virus &#8211; informe l&rsquo;universit\u00e9.<\/p>\n<p>Un syst\u00e8me de vingt appareils situ\u00e9 \u00e0 la Polytechnique de Wroc\u0142aw a \u00e9t\u00e9 utilis\u00e9 dans l&rsquo;\u00e9tude. Au cours de la p\u00e9riode d&rsquo;\u00e9tude, les concentrations de PM2,5 \u00e9taient nettement plus \u00e9lev\u00e9es en 2020, les concentrations les plus \u00e9lev\u00e9es ayant \u00e9t\u00e9 observ\u00e9es la nuit. Entre 22h00 et 18h00, les concentrations horaires moyennes \u00e9taient de 118 \u00e0 137 % sup\u00e9rieures \u00e0 celles enregistr\u00e9es en 2019.<\/p>\n<p>En savoir plus : <a href=\"https:\/\/pwr.edu.pl\/uczelnia\/aktualnosci\/koronawirus-zmniejszyl-ruch--ale-smog-zostal-11548.html\">https:\/\/pwr.edu.pl\/uczelnia\/aktualnosci\/koronawirus-zmniejszyl-ruch&#8211;ale-smog-zostal-11548.html<\/a><\/p>\n","protected":false},"excerpt":{"rendered":"<p>Malgr\u00e9 un nombre de voitures moins important et des recommandations visant \u00e0 r\u00e9duire le trafic au tournant des mois de mars et avril, le niveau de pollution atmosph\u00e9rique sur Wroc\u0142aw \u00e9tait plus \u00e9lev\u00e9 que l&rsquo;ann\u00e9e derni\u00e8re \u2013 les r\u00e9sultats des observations des scientifiques de la Facult\u00e9 d&rsquo;ing\u00e9nierie environnementale et de la Facult\u00e9 de technologie de [&hellip;]<\/p>\n","protected":false},"author":11,"featured_media":0,"comment_status":"closed","ping_status":"closed","sticky":false,"template":"","format":"standard","meta":[],"categories":[35],"tags":[],"_links":{"self":[{"href":"https:\/\/www.polishscience.pl\/fr\/wp-json\/wp\/v2\/posts\/124941"}],"collection":[{"href":"https:\/\/www.polishscience.pl\/fr\/wp-json\/wp\/v2\/posts"}],"about":[{"href":"https:\/\/www.polishscience.pl\/fr\/wp-json\/wp\/v2\/types\/post"}],"author":[{"embeddable":true,"href":"https:\/\/www.polishscience.pl\/fr\/wp-json\/wp\/v2\/users\/11"}],"replies":[{"embeddable":true,"href":"https:\/\/www.polishscience.pl\/fr\/wp-json\/wp\/v2\/comments?post=124941"}],"version-history":[{"count":0,"href":"https:\/\/www.polishscience.pl\/fr\/wp-json\/wp\/v2\/posts\/124941\/revisions"}],"wp:attachment":[{"href":"https:\/\/www.polishscience.pl\/fr\/wp-json\/wp\/v2\/media?parent=124941"}],"wp:term":[{"taxonomy":"category","embeddable":true,"href":"https:\/\/www.polishscience.pl\/fr\/wp-json\/wp\/v2\/categories?post=124941"},{"taxonomy":"post_tag","embeddable":true,"href":"https:\/\/www.polishscience.pl\/fr\/wp-json\/wp\/v2\/tags?post=124941"}],"curies":[{"name":"wp","href":"https:\/\/api.w.org\/{rel}","templated":true}]}}