{"id":124702,"date":"2020-04-21T12:03:38","date_gmt":"2020-04-21T10:03:38","guid":{"rendered":"http:\/\/polishscience.pl\/?p=124702"},"modified":"2020-04-21T12:03:38","modified_gmt":"2020-04-21T10:03:38","slug":"des-chercheurs-de-lacademie-polonaise-des-sciences-analysent-les-effets-psychologiques-de-la-pandemie","status":"publish","type":"post","link":"https:\/\/www.polishscience.pl\/fr\/des-chercheurs-de-lacademie-polonaise-des-sciences-analysent-les-effets-psychologiques-de-la-pandemie\/","title":{"rendered":"Des chercheurs de l&rsquo;Acad\u00e9mie Polonaise des Sciences analysent les effets psychologiques de la pand\u00e9mie"},"content":{"rendered":"<p><strong>Une \u00e9quipe de scientifiques de l&rsquo;Institut de Psychologie de l&rsquo;Acad\u00e9mie Polonaise des Sciences (PAN) a men\u00e9 une \u00e9tude pour analyser les effets psychologiques de la pand\u00e9mie COVID-19.<\/strong><\/p>\n<p>L&rsquo;\u00e9quipe dirig\u00e9e par le Dr \u0141ukasz Okruszek \u00e9num\u00e8re la peur et la solitude caus\u00e9es par la quarantaine parmi les effets psychologiques les plus graves de la pand\u00e9mie de COVID-19.<\/p>\n<p>L&rsquo;\u00e9tude a \u00e9t\u00e9 men\u00e9e \u00e0 deux semaines d&rsquo;intervalle, \u00e0 partir du 15 mars. Il s&rsquo;est av\u00e9r\u00e9 que les personnes interrog\u00e9es craignaient le plus une crise des soins de sant\u00e9, et le moins l&rsquo;isolement. La crainte de leur propre sant\u00e9 est plus \u00e9lev\u00e9e chez les personnes qui ont volontairement appliqu\u00e9 la recommandation d&rsquo;un isolement strict &#8211; informe l&rsquo;Acad\u00e9mie Polonaise des Sciences.<\/p>\n<p>Les personnes qui, au d\u00e9but de l&rsquo;\u00e9pid\u00e9mie, \u00e9taient caract\u00e9ris\u00e9es par une plus grande intensit\u00e9 d&rsquo;anxi\u00e9t\u00e9 et de d\u00e9pression sont particuli\u00e8rement vuln\u00e9rables aux effets psychologiques n\u00e9gatifs de la pand\u00e9mie. Un tel \u00e9tat peut \u00eatre associ\u00e9 \u00e0 des craintes accrues de la pand\u00e9mie de COVID-19, ainsi qu&rsquo;\u00e0 l&rsquo;aggravation des sympt\u00f4mes d&rsquo;alt\u00e9ration du bien-\u00eatre mental. Les inqui\u00e9tudes concernant la pand\u00e9mie et ses effets au d\u00e9but d&rsquo;une urgence \u00e9pid\u00e9miologique peuvent \u00eatre associ\u00e9es \u00e0 un sentiment croissant de solitude.<\/p>\n<p>L&rsquo;\u00e9tude a \u00e9t\u00e9 men\u00e9e avec la participation de personnes \u00e2g\u00e9es de 18 \u00e0 35 ans dans le cadre du projet \u00ab\u00a0La solitude\u00a0\u00bb.<\/p>\n","protected":false},"excerpt":{"rendered":"<p>Une \u00e9quipe de scientifiques de l&rsquo;Institut de Psychologie de l&rsquo;Acad\u00e9mie Polonaise des Sciences (PAN) a men\u00e9 une \u00e9tude pour analyser les effets psychologiques de la pand\u00e9mie COVID-19. L&rsquo;\u00e9quipe dirig\u00e9e par le Dr \u0141ukasz Okruszek \u00e9num\u00e8re la peur et la solitude caus\u00e9es par la quarantaine parmi les effets psychologiques les plus graves de la pand\u00e9mie de [&hellip;]<\/p>\n","protected":false},"author":11,"featured_media":0,"comment_status":"closed","ping_status":"closed","sticky":false,"template":"","format":"standard","meta":[],"categories":[39],"tags":[],"_links":{"self":[{"href":"https:\/\/www.polishscience.pl\/fr\/wp-json\/wp\/v2\/posts\/124702"}],"collection":[{"href":"https:\/\/www.polishscience.pl\/fr\/wp-json\/wp\/v2\/posts"}],"about":[{"href":"https:\/\/www.polishscience.pl\/fr\/wp-json\/wp\/v2\/types\/post"}],"author":[{"embeddable":true,"href":"https:\/\/www.polishscience.pl\/fr\/wp-json\/wp\/v2\/users\/11"}],"replies":[{"embeddable":true,"href":"https:\/\/www.polishscience.pl\/fr\/wp-json\/wp\/v2\/comments?post=124702"}],"version-history":[{"count":0,"href":"https:\/\/www.polishscience.pl\/fr\/wp-json\/wp\/v2\/posts\/124702\/revisions"}],"wp:attachment":[{"href":"https:\/\/www.polishscience.pl\/fr\/wp-json\/wp\/v2\/media?parent=124702"}],"wp:term":[{"taxonomy":"category","embeddable":true,"href":"https:\/\/www.polishscience.pl\/fr\/wp-json\/wp\/v2\/categories?post=124702"},{"taxonomy":"post_tag","embeddable":true,"href":"https:\/\/www.polishscience.pl\/fr\/wp-json\/wp\/v2\/tags?post=124702"}],"curies":[{"name":"wp","href":"https:\/\/api.w.org\/{rel}","templated":true}]}}