{"id":123915,"date":"2020-04-16T14:57:30","date_gmt":"2020-04-16T12:57:30","guid":{"rendered":"http:\/\/polishscience.pl\/?p=123915"},"modified":"2020-04-16T14:57:30","modified_gmt":"2020-04-16T12:57:30","slug":"luniversite-catholique-de-lublin-collecte-de-largent-pour-lachat-dun-vehicule-pour-le-transport-sanitaire","status":"publish","type":"post","link":"https:\/\/www.polishscience.pl\/fr\/luniversite-catholique-de-lublin-collecte-de-largent-pour-lachat-dun-vehicule-pour-le-transport-sanitaire\/","title":{"rendered":"L&rsquo;Universit\u00e9 Catholique de Lublin collecte de l&rsquo;argent pour l\u2019achat d\u2019un v\u00e9hicule pour le transport sanitaire"},"content":{"rendered":"<p><strong>L&rsquo;Universit\u00e9 Catholique de Lublin (KUL) s&rsquo;est associ\u00e9e pour aider les m\u00e9decins \u00e0 lutter contre le coronavirus. L&rsquo;universit\u00e9 a organis\u00e9 une collecte pour l&rsquo;achat d&rsquo;un v\u00e9hicule sp\u00e9cialis\u00e9 pour le transport sanitaire pour l&rsquo;h\u00f4pital public Jan Bozy \u00e0 Lublin. 100 000 zlotys sont n\u00e9cessaires.<\/strong><\/p>\n<p>Les plus jeunes patients atteints de coronavirus sont hospitalis\u00e9s dans le service des maladies infectieuses des enfants. Gr\u00e2ce au soutien public, l&rsquo;h\u00f4pital recevra quelques respirateurs, mais les besoins sont bien plus nombreux &#8211; explique la Fondation pour le D\u00e9veloppement de l&rsquo;Universit\u00e9 Catholique de Lublin, qui organise une collecte de fonds pour l&rsquo;h\u00f4pital.<\/p>\n<p>Pour l&rsquo;argent, selon la demande et l&rsquo;indication de la direction de l&rsquo;h\u00f4pital, un v\u00e9hicule pour le transport sanitaire sera achet\u00e9 de marque Toyota Proace verso d&rsquo;une valeur de 99 980 PLN, qui sera utilis\u00e9e pour le transport des enfants souffrant de COVID-19 et \u00e9tant sous observation dans le service des maladies infectieuses des enfants, le transport de mat\u00e9riel biologique pour les tests du COVID-19 et le service par l&rsquo;h\u00f4pital de l&rsquo;Isolatoire des enfants, qui sera lanc\u00e9 dans un avenir proche.<\/p>\n<p>Le p\u00e8re Antoni D\u0119bi\u0144ski, recteur de l&rsquo;Universit\u00e9 Catholique de Lublin, a lanc\u00e9 un appel \u00e0 l&rsquo;aide et \u00e0 l&rsquo;implication dans la collection. La Fondation pour le D\u00e9veloppement de l&rsquo;Universit\u00e9 catholique de Lublin (KUL) m\u00e8ne l&rsquo;action sur le portail zrzutka.pl sous le slogan <strong>VENIR A L\u2019AIDE &#8211; HOPITAL JAN BO\u017bY \u00e0 LUBLIN ATTEND<\/strong> !<\/p>\n","protected":false},"excerpt":{"rendered":"<p>L&rsquo;Universit\u00e9 Catholique de Lublin (KUL) s&rsquo;est associ\u00e9e pour aider les m\u00e9decins \u00e0 lutter contre le coronavirus. L&rsquo;universit\u00e9 a organis\u00e9 une collecte pour l&rsquo;achat d&rsquo;un v\u00e9hicule sp\u00e9cialis\u00e9 pour le transport sanitaire pour l&rsquo;h\u00f4pital public Jan Bozy \u00e0 Lublin. 100 000 zlotys sont n\u00e9cessaires. Les plus jeunes patients atteints de coronavirus sont hospitalis\u00e9s dans le service des [&hellip;]<\/p>\n","protected":false},"author":11,"featured_media":0,"comment_status":"closed","ping_status":"closed","sticky":false,"template":"","format":"standard","meta":[],"categories":[39],"tags":[],"_links":{"self":[{"href":"https:\/\/www.polishscience.pl\/fr\/wp-json\/wp\/v2\/posts\/123915"}],"collection":[{"href":"https:\/\/www.polishscience.pl\/fr\/wp-json\/wp\/v2\/posts"}],"about":[{"href":"https:\/\/www.polishscience.pl\/fr\/wp-json\/wp\/v2\/types\/post"}],"author":[{"embeddable":true,"href":"https:\/\/www.polishscience.pl\/fr\/wp-json\/wp\/v2\/users\/11"}],"replies":[{"embeddable":true,"href":"https:\/\/www.polishscience.pl\/fr\/wp-json\/wp\/v2\/comments?post=123915"}],"version-history":[{"count":0,"href":"https:\/\/www.polishscience.pl\/fr\/wp-json\/wp\/v2\/posts\/123915\/revisions"}],"wp:attachment":[{"href":"https:\/\/www.polishscience.pl\/fr\/wp-json\/wp\/v2\/media?parent=123915"}],"wp:term":[{"taxonomy":"category","embeddable":true,"href":"https:\/\/www.polishscience.pl\/fr\/wp-json\/wp\/v2\/categories?post=123915"},{"taxonomy":"post_tag","embeddable":true,"href":"https:\/\/www.polishscience.pl\/fr\/wp-json\/wp\/v2\/tags?post=123915"}],"curies":[{"name":"wp","href":"https:\/\/api.w.org\/{rel}","templated":true}]}}