{"id":123462,"date":"2020-04-14T13:42:40","date_gmt":"2020-04-14T11:42:40","guid":{"rendered":"http:\/\/polishscience.pl\/?p=123462"},"modified":"2020-04-14T13:42:40","modified_gmt":"2020-04-14T11:42:40","slug":"la-demission-du-vice-premier-ministre-ministre-des-sciences-et-de-lenseignement-superieur","status":"publish","type":"post","link":"https:\/\/www.polishscience.pl\/fr\/la-demission-du-vice-premier-ministre-ministre-des-sciences-et-de-lenseignement-superieur\/","title":{"rendered":"La d\u00e9mission du vice-premier ministre, ministre des Sciences et de l&rsquo;Enseignement Sup\u00e9rieur"},"content":{"rendered":"<p><strong>Le 9 avril, Jaros\u0142aw Gowin a re\u00e7u sa lettre de d\u00e9mission de la fonction du vice-premier ministre et ministre des Sciences et de l&rsquo;Enseignement Sup\u00e9rieur au palais pr\u00e9sidentiel. Il a pris ses fonctions en novembre 2015. Il a d\u00e9missionn\u00e9 le 6 avril 2020.<\/strong><\/p>\n<p>Par le biais des m\u00e9dias sociaux, M. Gowin a remerci\u00e9 les repr\u00e9sentants des milieux scientifiques et universitaires pour leurs ann\u00e9es de coop\u00e9ration. \u00ab\u00a0Merci pour presque cinq ans de coop\u00e9ration et de confiance, merci pour votre sagesse et votre courage. Pour ne pas avoir peur du changement &#8211; au contraire, vous avez vous-m\u00eame pr\u00e9conis\u00e9 des r\u00e9formes et y avez particip\u00e9 activement\u00a0\u00bb, a-t-il d\u00e9clar\u00e9 dans un film diffus\u00e9 sur les m\u00e9dias sociaux.<\/p>\n<p>\u00ab\u00a0Merci pour la Constitution pour la science &#8211; la seule grande r\u00e9forme dans notre pays depuis une douzaine d&rsquo;ann\u00e9es, qui a \u00e9t\u00e9 cr\u00e9\u00e9e dans le cadre d&rsquo;un dialogue ouvert et fiable, qui a \u00e9t\u00e9 co-cr\u00e9\u00e9 par des milliers d&rsquo;entre vous. Je vous remercie pour votre sinc\u00e9rit\u00e9 et vos critiques &#8211; justifi\u00e9es et substantielles &#8211; qui m&rsquo;ont parfois incit\u00e9 \u00e0 corriger le tir. J&rsquo;esp\u00e8re que les universit\u00e9s polonaises seront toujours un bastion de la recherche de la v\u00e9rit\u00e9 &#8211; la v\u00e9rit\u00e9 qui d\u00e9passe toutes les divisions\u00a0\u00bb &#8211; a d\u00e9clar\u00e9 Jaros\u0142aw Gowin.<\/p>\n","protected":false},"excerpt":{"rendered":"<p>Le 9 avril, Jaros\u0142aw Gowin a re\u00e7u sa lettre de d\u00e9mission de la fonction du vice-premier ministre et ministre des Sciences et de l&rsquo;Enseignement Sup\u00e9rieur au palais pr\u00e9sidentiel. Il a pris ses fonctions en novembre 2015. Il a d\u00e9missionn\u00e9 le 6 avril 2020. Par le biais des m\u00e9dias sociaux, M. Gowin a remerci\u00e9 les repr\u00e9sentants [&hellip;]<\/p>\n","protected":false},"author":11,"featured_media":0,"comment_status":"closed","ping_status":"closed","sticky":false,"template":"","format":"standard","meta":[],"categories":[35],"tags":[],"_links":{"self":[{"href":"https:\/\/www.polishscience.pl\/fr\/wp-json\/wp\/v2\/posts\/123462"}],"collection":[{"href":"https:\/\/www.polishscience.pl\/fr\/wp-json\/wp\/v2\/posts"}],"about":[{"href":"https:\/\/www.polishscience.pl\/fr\/wp-json\/wp\/v2\/types\/post"}],"author":[{"embeddable":true,"href":"https:\/\/www.polishscience.pl\/fr\/wp-json\/wp\/v2\/users\/11"}],"replies":[{"embeddable":true,"href":"https:\/\/www.polishscience.pl\/fr\/wp-json\/wp\/v2\/comments?post=123462"}],"version-history":[{"count":0,"href":"https:\/\/www.polishscience.pl\/fr\/wp-json\/wp\/v2\/posts\/123462\/revisions"}],"wp:attachment":[{"href":"https:\/\/www.polishscience.pl\/fr\/wp-json\/wp\/v2\/media?parent=123462"}],"wp:term":[{"taxonomy":"category","embeddable":true,"href":"https:\/\/www.polishscience.pl\/fr\/wp-json\/wp\/v2\/categories?post=123462"},{"taxonomy":"post_tag","embeddable":true,"href":"https:\/\/www.polishscience.pl\/fr\/wp-json\/wp\/v2\/tags?post=123462"}],"curies":[{"name":"wp","href":"https:\/\/api.w.org\/{rel}","templated":true}]}}