{"id":122234,"date":"2020-04-03T12:05:24","date_gmt":"2020-04-03T10:05:24","guid":{"rendered":"http:\/\/polishscience.pl\/?p=122234"},"modified":"2020-04-03T12:05:24","modified_gmt":"2020-04-03T10:05:24","slug":"une-equipe-scientifique-conseillera-le-ministre-des-sciences-sur-la-pandemie","status":"publish","type":"post","link":"https:\/\/www.polishscience.pl\/fr\/une-equipe-scientifique-conseillera-le-ministre-des-sciences-sur-la-pandemie\/","title":{"rendered":"Une \u00e9quipe scientifique conseillera le ministre des sciences sur la pand\u00e9mie"},"content":{"rendered":"<p><strong>Une \u00e9quipe interdisciplinaire de scientifiques conseillera le ministre des Sciences et de l&rsquo;Enseignement Sup\u00e9rieur sur les questions li\u00e9es \u00e0 la pand\u00e9mie COVID-19 et recommandera des solutions. L&rsquo;\u00e9quipe est dirig\u00e9e par le professeur Maciej \u017bylicz, pr\u00e9sident de la Fondation pour la Science Polonaise.<\/strong><\/p>\n<p>Les t\u00e2ches du groupe de 15 personnes comprendront la pr\u00e9paration d&rsquo;informations sur la situation \u00e9pid\u00e9mique caus\u00e9e par COVID-19. L&rsquo;\u00e9quipe pr\u00e9parera \u00e9galement des informations sur la recherche scientifique li\u00e9e \u00e0 l&rsquo;\u00e9pid\u00e9mie de COVID-19 et analysera les besoins li\u00e9s au soutien de la recherche scientifique men\u00e9e en Pologne sur le virus SRAS-CoV-2. Les experts donneront \u00e9galement leur avis sur les demandes de financement pour les scientifiques menant des recherches li\u00e9es au coronavirus.<\/p>\n<p>Le groupe aura \u00e9galement pour t\u00e2che d&rsquo;analyser les strat\u00e9gies oppos\u00e9es de lutte contre l&rsquo;\u00e9pid\u00e9mie, qui ont \u00e9t\u00e9 adopt\u00e9es, entre autres, par la Su\u00e8de (pas d&rsquo;isolement) et l&rsquo;Allemagne (strat\u00e9gie d&rsquo;isolement et cin\u00e9tique des infections similaires \u00e0 celles de la Pologne, report\u00e9e de 8\/9 jours par rapport \u00e0 la Pologne). Les r\u00e9sultats de ces analyses peuvent aider \u00e0 cr\u00e9er des recommandations pour de futures actions en Pologne.<\/p>\n","protected":false},"excerpt":{"rendered":"<p>Une \u00e9quipe interdisciplinaire de scientifiques conseillera le ministre des Sciences et de l&rsquo;Enseignement Sup\u00e9rieur sur les questions li\u00e9es \u00e0 la pand\u00e9mie COVID-19 et recommandera des solutions. L&rsquo;\u00e9quipe est dirig\u00e9e par le professeur Maciej \u017bylicz, pr\u00e9sident de la Fondation pour la Science Polonaise. Les t\u00e2ches du groupe de 15 personnes comprendront la pr\u00e9paration d&rsquo;informations sur la [&hellip;]<\/p>\n","protected":false},"author":11,"featured_media":0,"comment_status":"closed","ping_status":"closed","sticky":false,"template":"","format":"standard","meta":[],"categories":[35,39],"tags":[],"_links":{"self":[{"href":"https:\/\/www.polishscience.pl\/fr\/wp-json\/wp\/v2\/posts\/122234"}],"collection":[{"href":"https:\/\/www.polishscience.pl\/fr\/wp-json\/wp\/v2\/posts"}],"about":[{"href":"https:\/\/www.polishscience.pl\/fr\/wp-json\/wp\/v2\/types\/post"}],"author":[{"embeddable":true,"href":"https:\/\/www.polishscience.pl\/fr\/wp-json\/wp\/v2\/users\/11"}],"replies":[{"embeddable":true,"href":"https:\/\/www.polishscience.pl\/fr\/wp-json\/wp\/v2\/comments?post=122234"}],"version-history":[{"count":0,"href":"https:\/\/www.polishscience.pl\/fr\/wp-json\/wp\/v2\/posts\/122234\/revisions"}],"wp:attachment":[{"href":"https:\/\/www.polishscience.pl\/fr\/wp-json\/wp\/v2\/media?parent=122234"}],"wp:term":[{"taxonomy":"category","embeddable":true,"href":"https:\/\/www.polishscience.pl\/fr\/wp-json\/wp\/v2\/categories?post=122234"},{"taxonomy":"post_tag","embeddable":true,"href":"https:\/\/www.polishscience.pl\/fr\/wp-json\/wp\/v2\/tags?post=122234"}],"curies":[{"name":"wp","href":"https:\/\/api.w.org\/{rel}","templated":true}]}}