{"id":121951,"date":"2020-04-02T12:49:07","date_gmt":"2020-04-02T10:49:07","guid":{"rendered":"http:\/\/polishscience.pl\/?p=121951"},"modified":"2020-04-02T12:49:07","modified_gmt":"2020-04-02T10:49:07","slug":"les-premieres-recherches-de-psychologues-sur-les-craintes-du-coronavirus-en-pologne","status":"publish","type":"post","link":"https:\/\/www.polishscience.pl\/fr\/les-premieres-recherches-de-psychologues-sur-les-craintes-du-coronavirus-en-pologne\/","title":{"rendered":"Les premi\u00e8res recherches de psychologues sur les craintes du coronavirus en Pologne"},"content":{"rendered":"<p><strong>Le Dr Katarzyna Hamer et le Dr Marta Marchlewska de l&rsquo;Institut de Psychologie de l&rsquo;Acad\u00e9mie Polonaise des Sciences (PAN) et le Dr Maria Baran de l&rsquo;Universit\u00e9 SWPS ont men\u00e9 une \u00e9tude intitul\u00e9e \u00ab\u00a0Quels sont les polonais qui ont peur du coronavirus ?<\/strong><\/p>\n<p>L&rsquo;enqu\u00eate a \u00e9t\u00e9 men\u00e9e sur un groupe repr\u00e9sentatif de 1098 polonais adultes. Le panel Ariadne et la m\u00e9thode CAWI (Computer-Assisted Web Interview) ont \u00e9t\u00e9 utilis\u00e9s. Les personnes interrog\u00e9es ont r\u00e9pondu aux questions environ 10 jours apr\u00e8s l&rsquo;introduction des restrictions en Pologne pour aider \u00e0 lutter contre la pand\u00e9mie de COVID-19.<\/p>\n<p>Il s&rsquo;av\u00e8re que le niveau de nervosit\u00e9 et d&rsquo;anxi\u00e9t\u00e9 dans la soci\u00e9t\u00e9 est assez \u00e9lev\u00e9. Les polonais craignent surtout : les maladies de leurs proches (72 %), la crise financi\u00e8re et l&rsquo;effondrement des march\u00e9s (71 %), les h\u00f4pitaux surpeupl\u00e9s et l&rsquo;inefficacit\u00e9 du syst\u00e8me de sant\u00e9 (73 %), que certaines personnes ne suivent pas les recommandations et que le virus se propage trop rapidement (75 %).<\/p>\n<p>Ils ont \u00e9galement peur de tomber eux-m\u00eames malades et des changements de mode de vie que l&rsquo;\u00e9pid\u00e9mie entra\u00eene. Le moins qu&rsquo;ils puissent craindre est qu&rsquo;il n&rsquo;y ait pas de nourriture ou de produits d&rsquo;hygi\u00e8ne sur les \u00e9tag\u00e8res.<\/p>\n<p>Plus d\u2019informations :<\/p>\n<p><a href=\"https:\/\/covid19psychologia.com\/2020\/03\/30\/czego-boja-sie-polacy-w-zwiazku-z-koronawirusem\/\">https:\/\/covid19psychologia.com\/2020\/03\/30\/czego-boja-sie-polacy-w-zwiazku-z-koronawirusem\/<\/a><\/p>\n","protected":false},"excerpt":{"rendered":"<p>Le Dr Katarzyna Hamer et le Dr Marta Marchlewska de l&rsquo;Institut de Psychologie de l&rsquo;Acad\u00e9mie Polonaise des Sciences (PAN) et le Dr Maria Baran de l&rsquo;Universit\u00e9 SWPS ont men\u00e9 une \u00e9tude intitul\u00e9e \u00ab\u00a0Quels sont les polonais qui ont peur du coronavirus ? L&rsquo;enqu\u00eate a \u00e9t\u00e9 men\u00e9e sur un groupe repr\u00e9sentatif de 1098 polonais adultes. Le [&hellip;]<\/p>\n","protected":false},"author":11,"featured_media":0,"comment_status":"closed","ping_status":"closed","sticky":false,"template":"","format":"standard","meta":[],"categories":[39],"tags":[],"_links":{"self":[{"href":"https:\/\/www.polishscience.pl\/fr\/wp-json\/wp\/v2\/posts\/121951"}],"collection":[{"href":"https:\/\/www.polishscience.pl\/fr\/wp-json\/wp\/v2\/posts"}],"about":[{"href":"https:\/\/www.polishscience.pl\/fr\/wp-json\/wp\/v2\/types\/post"}],"author":[{"embeddable":true,"href":"https:\/\/www.polishscience.pl\/fr\/wp-json\/wp\/v2\/users\/11"}],"replies":[{"embeddable":true,"href":"https:\/\/www.polishscience.pl\/fr\/wp-json\/wp\/v2\/comments?post=121951"}],"version-history":[{"count":0,"href":"https:\/\/www.polishscience.pl\/fr\/wp-json\/wp\/v2\/posts\/121951\/revisions"}],"wp:attachment":[{"href":"https:\/\/www.polishscience.pl\/fr\/wp-json\/wp\/v2\/media?parent=121951"}],"wp:term":[{"taxonomy":"category","embeddable":true,"href":"https:\/\/www.polishscience.pl\/fr\/wp-json\/wp\/v2\/categories?post=121951"},{"taxonomy":"post_tag","embeddable":true,"href":"https:\/\/www.polishscience.pl\/fr\/wp-json\/wp\/v2\/tags?post=121951"}],"curies":[{"name":"wp","href":"https:\/\/api.w.org\/{rel}","templated":true}]}}