{"id":121624,"date":"2020-03-31T15:45:25","date_gmt":"2020-03-31T13:45:25","guid":{"rendered":"http:\/\/polishscience.pl\/?p=121624"},"modified":"2020-03-31T15:45:25","modified_gmt":"2020-03-31T13:45:25","slug":"des-chercheurs-de-la-polytechnique-de-lodz-ont-examine-la-qualite-des-masques-de-protection","status":"publish","type":"post","link":"https:\/\/www.polishscience.pl\/fr\/des-chercheurs-de-la-polytechnique-de-lodz-ont-examine-la-qualite-des-masques-de-protection\/","title":{"rendered":"Des chercheurs de la Polytechnique de Lodz ont examin\u00e9 la qualit\u00e9 des masques de protection"},"content":{"rendered":"<p><strong>L&rsquo;Institut des Sciences des Mat\u00e9riaux des Textiles et des Composites Polym\u00e8res de la Facult\u00e9 de technologie des mat\u00e9riaux et de design textile de la Polytechnique de Lodz (P\u0141) a r\u00e9alis\u00e9 une \u00e9tude sur les propri\u00e9t\u00e9s protectrices des masques, qui ont \u00e9t\u00e9 cousus ensemble par des chercheurs en sciences sociales et des entreprises de Lodz.<\/strong><\/p>\n<p>L&rsquo;\u00e9quipe dirig\u00e9e par le professeur Izabella Kruci\u0144ska a d\u00e9termin\u00e9 la capacit\u00e9 de filtration des masques en d\u00e9terminant la p\u00e9n\u00e9tration du brouillard d&rsquo;huile de paraffine et en analysant le degr\u00e9 de respiration dans les conditions d&rsquo;\u00e9coulement du flux d&rsquo;air pollu\u00e9 \u00e0 travers le masque test\u00e9. L&rsquo;objectif principal \u00e9tait de d\u00e9terminer la qualit\u00e9 et d&rsquo;indiquer les meilleurs mod\u00e8les, des mod\u00e8les de masques pouvant \u00eatre utilis\u00e9s pour un usage priv\u00e9.<\/p>\n<p>Les tests ont \u00e9t\u00e9 effectu\u00e9s gratuitement et les r\u00e9sultats ont \u00e9t\u00e9 transmis au d\u00e9partement de la sant\u00e9 et des affaires sociales de la ville de \u0141\u00f3d\u017a.<\/p>\n","protected":false},"excerpt":{"rendered":"<p>L&rsquo;Institut des Sciences des Mat\u00e9riaux des Textiles et des Composites Polym\u00e8res de la Facult\u00e9 de technologie des mat\u00e9riaux et de design textile de la Polytechnique de Lodz (P\u0141) a r\u00e9alis\u00e9 une \u00e9tude sur les propri\u00e9t\u00e9s protectrices des masques, qui ont \u00e9t\u00e9 cousus ensemble par des chercheurs en sciences sociales et des entreprises de Lodz. L&rsquo;\u00e9quipe [&hellip;]<\/p>\n","protected":false},"author":11,"featured_media":0,"comment_status":"closed","ping_status":"closed","sticky":false,"template":"","format":"standard","meta":[],"categories":[39],"tags":[],"_links":{"self":[{"href":"https:\/\/www.polishscience.pl\/fr\/wp-json\/wp\/v2\/posts\/121624"}],"collection":[{"href":"https:\/\/www.polishscience.pl\/fr\/wp-json\/wp\/v2\/posts"}],"about":[{"href":"https:\/\/www.polishscience.pl\/fr\/wp-json\/wp\/v2\/types\/post"}],"author":[{"embeddable":true,"href":"https:\/\/www.polishscience.pl\/fr\/wp-json\/wp\/v2\/users\/11"}],"replies":[{"embeddable":true,"href":"https:\/\/www.polishscience.pl\/fr\/wp-json\/wp\/v2\/comments?post=121624"}],"version-history":[{"count":0,"href":"https:\/\/www.polishscience.pl\/fr\/wp-json\/wp\/v2\/posts\/121624\/revisions"}],"wp:attachment":[{"href":"https:\/\/www.polishscience.pl\/fr\/wp-json\/wp\/v2\/media?parent=121624"}],"wp:term":[{"taxonomy":"category","embeddable":true,"href":"https:\/\/www.polishscience.pl\/fr\/wp-json\/wp\/v2\/categories?post=121624"},{"taxonomy":"post_tag","embeddable":true,"href":"https:\/\/www.polishscience.pl\/fr\/wp-json\/wp\/v2\/tags?post=121624"}],"curies":[{"name":"wp","href":"https:\/\/api.w.org\/{rel}","templated":true}]}}