{"id":120798,"date":"2020-03-24T11:27:01","date_gmt":"2020-03-24T10:27:01","guid":{"rendered":"http:\/\/polishscience.pl\/?p=120798"},"modified":"2020-03-24T11:27:01","modified_gmt":"2020-03-24T10:27:01","slug":"la-suspension-du-fonctionnement-des-universites-en-pologne-jusquau-10-avril","status":"publish","type":"post","link":"https:\/\/www.polishscience.pl\/fr\/la-suspension-du-fonctionnement-des-universites-en-pologne-jusquau-10-avril\/","title":{"rendered":"La suspension du fonctionnement des universit\u00e9s en Pologne jusqu&rsquo;au 10 avril"},"content":{"rendered":"<p><strong>La prolongation de la suspension du fonctionnement des universit\u00e9s jusqu&rsquo;au 10 avril a \u00e9t\u00e9 annonc\u00e9e le samedi 21 mars lors d&rsquo;une conf\u00e9rence de presse du vice-premier ministre et ministre des Sciences et de l&rsquo;Enseignement Sup\u00e9rieur Jaros\u0142aw Gowin. Cette d\u00e9cision est due \u00e0 l&rsquo;introduction d&rsquo;un \u00e9tat \u00e9pid\u00e9mique en Pologne.<\/strong><\/p>\n<p>Le vice-premier ministre a soulign\u00e9 qu&rsquo;il s&rsquo;agit d&rsquo;une suspension du fonctionnement des universit\u00e9s, et non de leur fermeture. L&rsquo;activit\u00e9 en ligne doit \u00eatre poursuivie autant que possible &#8211; comme cela s&rsquo;est produit la semaine derni\u00e8re. Dans la mesure du possible, la recherche scientifique doit \u00eatre poursuivie. Les autorit\u00e9s universitaires sont tenues de veiller au fonctionnement des unit\u00e9s organisationnelles de base &#8211; a not\u00e9 le ministre Jaros\u0142aw Gowin.<\/p>\n<p>\u00c0 son tour, la vice-ministre des sciences, Anna Budzanowska, a soulign\u00e9 que le travail en ligne est d\u00e9sormais obligatoire. Cette obligation s&rsquo;applique \u00e0 la didactique des \u00e9tudiants, aux \u00e9tudes post-universitaires, aux \u00e9tudes extra-muros et aux \u00e9tudes de doctorat.<\/p>\n","protected":false},"excerpt":{"rendered":"<p>La prolongation de la suspension du fonctionnement des universit\u00e9s jusqu&rsquo;au 10 avril a \u00e9t\u00e9 annonc\u00e9e le samedi 21 mars lors d&rsquo;une conf\u00e9rence de presse du vice-premier ministre et ministre des Sciences et de l&rsquo;Enseignement Sup\u00e9rieur Jaros\u0142aw Gowin. Cette d\u00e9cision est due \u00e0 l&rsquo;introduction d&rsquo;un \u00e9tat \u00e9pid\u00e9mique en Pologne. Le vice-premier ministre a soulign\u00e9 qu&rsquo;il s&rsquo;agit [&hellip;]<\/p>\n","protected":false},"author":11,"featured_media":0,"comment_status":"closed","ping_status":"closed","sticky":false,"template":"","format":"standard","meta":[],"categories":[35],"tags":[],"_links":{"self":[{"href":"https:\/\/www.polishscience.pl\/fr\/wp-json\/wp\/v2\/posts\/120798"}],"collection":[{"href":"https:\/\/www.polishscience.pl\/fr\/wp-json\/wp\/v2\/posts"}],"about":[{"href":"https:\/\/www.polishscience.pl\/fr\/wp-json\/wp\/v2\/types\/post"}],"author":[{"embeddable":true,"href":"https:\/\/www.polishscience.pl\/fr\/wp-json\/wp\/v2\/users\/11"}],"replies":[{"embeddable":true,"href":"https:\/\/www.polishscience.pl\/fr\/wp-json\/wp\/v2\/comments?post=120798"}],"version-history":[{"count":0,"href":"https:\/\/www.polishscience.pl\/fr\/wp-json\/wp\/v2\/posts\/120798\/revisions"}],"wp:attachment":[{"href":"https:\/\/www.polishscience.pl\/fr\/wp-json\/wp\/v2\/media?parent=120798"}],"wp:term":[{"taxonomy":"category","embeddable":true,"href":"https:\/\/www.polishscience.pl\/fr\/wp-json\/wp\/v2\/categories?post=120798"},{"taxonomy":"post_tag","embeddable":true,"href":"https:\/\/www.polishscience.pl\/fr\/wp-json\/wp\/v2\/tags?post=120798"}],"curies":[{"name":"wp","href":"https:\/\/api.w.org\/{rel}","templated":true}]}}