{"id":120399,"date":"2020-03-20T12:13:40","date_gmt":"2020-03-20T11:13:40","guid":{"rendered":"http:\/\/polishscience.pl\/?p=120399"},"modified":"2020-03-20T12:13:40","modified_gmt":"2020-03-20T11:13:40","slug":"le-ministere-des-sciences-recommande-aux-universites-de-suspendre-la-facturation-des-etudes-aux-etudiants","status":"publish","type":"post","link":"https:\/\/www.polishscience.pl\/fr\/le-ministere-des-sciences-recommande-aux-universites-de-suspendre-la-facturation-des-etudes-aux-etudiants\/","title":{"rendered":"Le minist\u00e8re des sciences recommande aux universit\u00e9s de suspendre la facturation des \u00e9tudes aux \u00e9tudiants"},"content":{"rendered":"<p><strong>En lien avec la situation de risque \u00e9pid\u00e9mique, le r\u00e8glement du ministre des Sciences et de l&rsquo;Enseignement Sup\u00e9rieur du 11 mars 2020 pr\u00e9voit une suspension temporaire de l&rsquo;enseignement dans les universit\u00e9s.<\/strong><\/p>\n<p>En ce qui concerne cette situation particuli\u00e8re dans laquelle se trouvent les \u00e9tablissements d&rsquo;enseignement sup\u00e9rieur et les \u00e9tudiants polonais, le minist\u00e8re des Sciences et de l&rsquo;Enseignement Sup\u00e9rieur recommande aux autorit\u00e9s des \u00e9tablissements d&rsquo;enseignement sup\u00e9rieur d&rsquo;envisager la possibilit\u00e9 de suspendre la perception des droits d&rsquo;\u00e9tudes aupr\u00e8s des \u00e9tudiants.<\/p>\n<p>La recommandation vise \u00e0 r\u00e9duire la charge financi\u00e8re des \u00e9tudiants qui se trouvent dans la situation d&rsquo;introduire un \u00e9tat de danger \u00e9pid\u00e9mique dans le pays et de fermer de nombreux lieux tels que les restaurants, qui sont un lieu de travail pour de nombreux \u00e9tudiants &#8211; lit-on dans l&rsquo;annonce du minist\u00e8re des sciences.<\/p>\n","protected":false},"excerpt":{"rendered":"<p>En lien avec la situation de risque \u00e9pid\u00e9mique, le r\u00e8glement du ministre des Sciences et de l&rsquo;Enseignement Sup\u00e9rieur du 11 mars 2020 pr\u00e9voit une suspension temporaire de l&rsquo;enseignement dans les universit\u00e9s. En ce qui concerne cette situation particuli\u00e8re dans laquelle se trouvent les \u00e9tablissements d&rsquo;enseignement sup\u00e9rieur et les \u00e9tudiants polonais, le minist\u00e8re des Sciences et [&hellip;]<\/p>\n","protected":false},"author":11,"featured_media":0,"comment_status":"closed","ping_status":"closed","sticky":false,"template":"","format":"standard","meta":[],"categories":[35],"tags":[],"_links":{"self":[{"href":"https:\/\/www.polishscience.pl\/fr\/wp-json\/wp\/v2\/posts\/120399"}],"collection":[{"href":"https:\/\/www.polishscience.pl\/fr\/wp-json\/wp\/v2\/posts"}],"about":[{"href":"https:\/\/www.polishscience.pl\/fr\/wp-json\/wp\/v2\/types\/post"}],"author":[{"embeddable":true,"href":"https:\/\/www.polishscience.pl\/fr\/wp-json\/wp\/v2\/users\/11"}],"replies":[{"embeddable":true,"href":"https:\/\/www.polishscience.pl\/fr\/wp-json\/wp\/v2\/comments?post=120399"}],"version-history":[{"count":0,"href":"https:\/\/www.polishscience.pl\/fr\/wp-json\/wp\/v2\/posts\/120399\/revisions"}],"wp:attachment":[{"href":"https:\/\/www.polishscience.pl\/fr\/wp-json\/wp\/v2\/media?parent=120399"}],"wp:term":[{"taxonomy":"category","embeddable":true,"href":"https:\/\/www.polishscience.pl\/fr\/wp-json\/wp\/v2\/categories?post=120399"},{"taxonomy":"post_tag","embeddable":true,"href":"https:\/\/www.polishscience.pl\/fr\/wp-json\/wp\/v2\/tags?post=120399"}],"curies":[{"name":"wp","href":"https:\/\/api.w.org\/{rel}","templated":true}]}}