{"id":120264,"date":"2020-03-19T12:52:16","date_gmt":"2020-03-19T11:52:16","guid":{"rendered":"http:\/\/polishscience.pl\/?p=120264"},"modified":"2020-03-19T12:52:16","modified_gmt":"2020-03-19T11:52:16","slug":"le-centre-de-technologie-de-linformation-et-de-linguistique-technique-cen-tech-de-la-polytechnique-de-lublin-sera-lance-a-lautomne","status":"publish","type":"post","link":"https:\/\/www.polishscience.pl\/fr\/le-centre-de-technologie-de-linformation-et-de-linguistique-technique-cen-tech-de-la-polytechnique-de-lublin-sera-lance-a-lautomne\/","title":{"rendered":"Le Centre de technologie de l&rsquo;information et de linguistique technique \u00ab\u00a0Cen-Tech\u00a0\u00bb de la Polytechnique de Lublin sera lanc\u00e9 \u00e0 l&rsquo;automne"},"content":{"rendered":"<p>\u00c0 partir de l&rsquo;automne 2020, la Polytechnique de Lublin sera agrandie par le Centre de technologie de l&rsquo;information et de linguistique technique \u00ab\u00a0Cen-Tech\u00a0\u00bb. L&rsquo;investissement a co\u00fbt\u00e9 pr\u00e8s de 17,5 millions de PLN.<\/p>\n<p>La construction de \u00ab\u00a0Cen-Tech\u00a0\u00bb a commenc\u00e9 en ao\u00fbt 2018. D\u00e8s le mois d&rsquo;avril, il est pr\u00e9vu d&rsquo;\u00e9quiper le b\u00e2timent de cinq \u00e9tages.<\/p>\n<p>Le centre est divis\u00e9 en trois zones : la zone de base pour les \u00e9tudiants et le personnel de recherche et d&rsquo;enseignement de toutes les facult\u00e9s, qui comprend des salles de cours, des salles de pratique, des laboratoires de langues et des laboratoires techniques et administratifs.<\/p>\n<p>Une salle audio-vid\u00e9o a \u00e9t\u00e9 cr\u00e9\u00e9e sp\u00e9cialement pour les \u00e9tudiants en informatique et les facult\u00e9s connexes afin de d\u00e9velopper leurs int\u00e9r\u00eats dans le domaine des technologies de l&rsquo;information utilis\u00e9es dans la production cin\u00e9matographique et t\u00e9l\u00e9visuelle.<\/p>\n<p>Les premiers cours au Centre de technologie de l&rsquo;information et de linguistique technique de la Polytechnique de Lublin auront lieu au cours de la nouvelle ann\u00e9e universitaire.<\/p>\n","protected":false},"excerpt":{"rendered":"<p>\u00c0 partir de l&rsquo;automne 2020, la Polytechnique de Lublin sera agrandie par le Centre de technologie de l&rsquo;information et de linguistique technique \u00ab\u00a0Cen-Tech\u00a0\u00bb. L&rsquo;investissement a co\u00fbt\u00e9 pr\u00e8s de 17,5 millions de PLN. La construction de \u00ab\u00a0Cen-Tech\u00a0\u00bb a commenc\u00e9 en ao\u00fbt 2018. D\u00e8s le mois d&rsquo;avril, il est pr\u00e9vu d&rsquo;\u00e9quiper le b\u00e2timent de cinq \u00e9tages. Le [&hellip;]<\/p>\n","protected":false},"author":11,"featured_media":0,"comment_status":"closed","ping_status":"closed","sticky":false,"template":"","format":"standard","meta":[],"categories":[34],"tags":[],"_links":{"self":[{"href":"https:\/\/www.polishscience.pl\/fr\/wp-json\/wp\/v2\/posts\/120264"}],"collection":[{"href":"https:\/\/www.polishscience.pl\/fr\/wp-json\/wp\/v2\/posts"}],"about":[{"href":"https:\/\/www.polishscience.pl\/fr\/wp-json\/wp\/v2\/types\/post"}],"author":[{"embeddable":true,"href":"https:\/\/www.polishscience.pl\/fr\/wp-json\/wp\/v2\/users\/11"}],"replies":[{"embeddable":true,"href":"https:\/\/www.polishscience.pl\/fr\/wp-json\/wp\/v2\/comments?post=120264"}],"version-history":[{"count":0,"href":"https:\/\/www.polishscience.pl\/fr\/wp-json\/wp\/v2\/posts\/120264\/revisions"}],"wp:attachment":[{"href":"https:\/\/www.polishscience.pl\/fr\/wp-json\/wp\/v2\/media?parent=120264"}],"wp:term":[{"taxonomy":"category","embeddable":true,"href":"https:\/\/www.polishscience.pl\/fr\/wp-json\/wp\/v2\/categories?post=120264"},{"taxonomy":"post_tag","embeddable":true,"href":"https:\/\/www.polishscience.pl\/fr\/wp-json\/wp\/v2\/tags?post=120264"}],"curies":[{"name":"wp","href":"https:\/\/api.w.org\/{rel}","templated":true}]}}