{"id":119712,"date":"2020-03-16T09:37:18","date_gmt":"2020-03-16T08:37:18","guid":{"rendered":"http:\/\/polishscience.pl\/?p=119712"},"modified":"2020-03-16T09:37:18","modified_gmt":"2020-03-16T08:37:18","slug":"la-journee-portes-ouvertes-de-la-polytechnique-de-cracovie-se-tiendra-sur-facebook","status":"publish","type":"post","link":"https:\/\/www.polishscience.pl\/fr\/la-journee-portes-ouvertes-de-la-polytechnique-de-cracovie-se-tiendra-sur-facebook\/","title":{"rendered":"La journ\u00e9e portes ouvertes de la Polytechnique de Cracovie se tiendra sur Facebook"},"content":{"rendered":"<p><strong>Le 27 mars, une journ\u00e9e portes ouvertes devait se tenir \u00e0 la Polytechnique de Cracovie (PK). En raison de la menace du coronavirus, il a \u00e9t\u00e9 annul\u00e9. Cependant, toutes les personnes int\u00e9ress\u00e9es par des \u00e9tudes \u00e0 \u00a0la PK auront la possibilit\u00e9 d&rsquo;apprendre les r\u00e9ponses aux questions relatives \u00e0 l&rsquo;offre \u00e9ducative et au recrutement \u00e0 la PK sans quitter leur domicile.<\/strong><\/p>\n<p>Les employ\u00e9s du d\u00e9partement de la promotion et du d\u00e9partement de l&rsquo;\u00e9ducation r\u00e9pondront aux questions des candidats via Facebook.<\/p>\n<p>Le 27 mars, entre 9h30 et 14h00, les employ\u00e9s du d\u00e9partement de promotion et de formation seront en service sp\u00e9cial et r\u00e9pondront aux questions en permanence. La rencontre virtuelle se tiendra sur la page Facebook de la Polytechnique de Cracovie sur le site ci-dessous\u00a0:<\/p>\n<p><a href=\"https:\/\/www.facebook.com\/Politechnika.Krakowska\/\">https:\/\/www.facebook.com\/Politechnika.Krakowska\/<\/a><\/p>\n","protected":false},"excerpt":{"rendered":"<p>Le 27 mars, une journ\u00e9e portes ouvertes devait se tenir \u00e0 la Polytechnique de Cracovie (PK). En raison de la menace du coronavirus, il a \u00e9t\u00e9 annul\u00e9. Cependant, toutes les personnes int\u00e9ress\u00e9es par des \u00e9tudes \u00e0 \u00a0la PK auront la possibilit\u00e9 d&rsquo;apprendre les r\u00e9ponses aux questions relatives \u00e0 l&rsquo;offre \u00e9ducative et au recrutement \u00e0 la [&hellip;]<\/p>\n","protected":false},"author":11,"featured_media":0,"comment_status":"closed","ping_status":"closed","sticky":false,"template":"","format":"standard","meta":[],"categories":[41],"tags":[],"_links":{"self":[{"href":"https:\/\/www.polishscience.pl\/fr\/wp-json\/wp\/v2\/posts\/119712"}],"collection":[{"href":"https:\/\/www.polishscience.pl\/fr\/wp-json\/wp\/v2\/posts"}],"about":[{"href":"https:\/\/www.polishscience.pl\/fr\/wp-json\/wp\/v2\/types\/post"}],"author":[{"embeddable":true,"href":"https:\/\/www.polishscience.pl\/fr\/wp-json\/wp\/v2\/users\/11"}],"replies":[{"embeddable":true,"href":"https:\/\/www.polishscience.pl\/fr\/wp-json\/wp\/v2\/comments?post=119712"}],"version-history":[{"count":0,"href":"https:\/\/www.polishscience.pl\/fr\/wp-json\/wp\/v2\/posts\/119712\/revisions"}],"wp:attachment":[{"href":"https:\/\/www.polishscience.pl\/fr\/wp-json\/wp\/v2\/media?parent=119712"}],"wp:term":[{"taxonomy":"category","embeddable":true,"href":"https:\/\/www.polishscience.pl\/fr\/wp-json\/wp\/v2\/categories?post=119712"},{"taxonomy":"post_tag","embeddable":true,"href":"https:\/\/www.polishscience.pl\/fr\/wp-json\/wp\/v2\/tags?post=119712"}],"curies":[{"name":"wp","href":"https:\/\/api.w.org\/{rel}","templated":true}]}}