{"id":119513,"date":"2020-03-13T11:42:00","date_gmt":"2020-03-13T10:42:00","guid":{"rendered":"http:\/\/polishscience.pl\/?p=119513"},"modified":"2020-03-21T12:49:31","modified_gmt":"2020-03-21T11:49:31","slug":"la-suspension-des-activites-denseignement-des-universites-jusquau-25-mars-2020","status":"publish","type":"post","link":"https:\/\/www.polishscience.pl\/fr\/la-suspension-des-activites-denseignement-des-universites-jusquau-25-mars-2020\/","title":{"rendered":"La suspension des activit\u00e9s d&rsquo;enseignement des universit\u00e9s jusqu&rsquo;au 25 mars 2020"},"content":{"rendered":"<p><strong>En rapport avec l&rsquo;augmentation du risque d&rsquo;infection par le SRAS-CoV-2 et les cas ult\u00e9rieurs de COVID-19 en Pologne, le vice-premier ministre, ministre des Sciences et de l&rsquo;Enseignement Sup\u00e9rieur Jaros\u0142aw Gowin &#8211; apr\u00e8s la recommandation de l&rsquo;\u00e9quipe gouvernementale de gestion des crises &#8211; a d\u00e9cid\u00e9 d&rsquo;introduire des mesures pr\u00e9ventives pour emp\u00eacher la propagation du virus et ainsi r\u00e9duire le risque d&rsquo;\u00e9pid\u00e9mies.<\/strong><\/p>\n<p>Le ministre suspend les activit\u00e9s d&rsquo;enseignement men\u00e9es par les universit\u00e9s supervis\u00e9es par le ministre des Sciences et de l&rsquo;Enseignement Sup\u00e9rieur dans tout le pays. Cette disposition s&rsquo;applique \u00e0 l&rsquo;enseignement dispens\u00e9 dans le cadre des programmes du premier cycle, des programmes du deuxi\u00e8me cycle, de ma\u00eetrise, des programmes de doctorat, ainsi que des \u00e9coles doctorales et des cours et formations organis\u00e9s dans le cadre d&rsquo;\u00e9tablissements d&rsquo;enseignement sup\u00e9rieur, de programmes de troisi\u00e8me cycle ou sous d&rsquo;autres formes.<\/p>\n<p>La suspension des activit\u00e9s d&rsquo;enseignement s&rsquo;applique du 12 au 25 mars 2020.<\/p>\n<p>Le r\u00e8glement ne limite pas la possibilit\u00e9 d&rsquo;exercer une activit\u00e9 scientifique.<\/p>\n","protected":false},"excerpt":{"rendered":"<p>En rapport avec l&rsquo;augmentation du risque d&rsquo;infection par le SRAS-CoV-2 et les cas ult\u00e9rieurs de COVID-19 en Pologne, le vice-premier ministre, ministre des Sciences et de l&rsquo;Enseignement Sup\u00e9rieur Jaros\u0142aw Gowin &#8211; apr\u00e8s la recommandation de l&rsquo;\u00e9quipe gouvernementale de gestion des crises &#8211; a d\u00e9cid\u00e9 d&rsquo;introduire des mesures pr\u00e9ventives pour emp\u00eacher la propagation du virus et [&hellip;]<\/p>\n","protected":false},"author":11,"featured_media":0,"comment_status":"closed","ping_status":"closed","sticky":false,"template":"","format":"standard","meta":[],"categories":[35],"tags":[],"_links":{"self":[{"href":"https:\/\/www.polishscience.pl\/fr\/wp-json\/wp\/v2\/posts\/119513"}],"collection":[{"href":"https:\/\/www.polishscience.pl\/fr\/wp-json\/wp\/v2\/posts"}],"about":[{"href":"https:\/\/www.polishscience.pl\/fr\/wp-json\/wp\/v2\/types\/post"}],"author":[{"embeddable":true,"href":"https:\/\/www.polishscience.pl\/fr\/wp-json\/wp\/v2\/users\/11"}],"replies":[{"embeddable":true,"href":"https:\/\/www.polishscience.pl\/fr\/wp-json\/wp\/v2\/comments?post=119513"}],"version-history":[{"count":0,"href":"https:\/\/www.polishscience.pl\/fr\/wp-json\/wp\/v2\/posts\/119513\/revisions"}],"wp:attachment":[{"href":"https:\/\/www.polishscience.pl\/fr\/wp-json\/wp\/v2\/media?parent=119513"}],"wp:term":[{"taxonomy":"category","embeddable":true,"href":"https:\/\/www.polishscience.pl\/fr\/wp-json\/wp\/v2\/categories?post=119513"},{"taxonomy":"post_tag","embeddable":true,"href":"https:\/\/www.polishscience.pl\/fr\/wp-json\/wp\/v2\/tags?post=119513"}],"curies":[{"name":"wp","href":"https:\/\/api.w.org\/{rel}","templated":true}]}}