{"id":119039,"date":"2020-03-11T13:29:14","date_gmt":"2020-03-11T12:29:14","guid":{"rendered":"http:\/\/polishscience.pl\/?p=119039"},"modified":"2020-03-11T13:29:14","modified_gmt":"2020-03-11T12:29:14","slug":"bientot-des-recommandations-detaillees-pour-les-universites-polonaises-en-ce-qui-concerne-le-coronavirus","status":"publish","type":"post","link":"https:\/\/www.polishscience.pl\/fr\/bientot-des-recommandations-detaillees-pour-les-universites-polonaises-en-ce-qui-concerne-le-coronavirus\/","title":{"rendered":"Bient\u00f4t des recommandations d\u00e9taill\u00e9es pour les universit\u00e9s polonaises en ce qui concerne le coronavirus"},"content":{"rendered":"<p><strong>Il est trop t\u00f4t de parler de suspension des cours, mais il est important que les universit\u00e9s se pr\u00e9parent \u00e0 une telle \u00e9ventualit\u00e9, en commen\u00e7ant par remplacer les cours \u00e0 plein temps par des cours dans l&rsquo;espace virtuel. Certaines universit\u00e9s sont bien pr\u00e9par\u00e9es \u00e0 cela &#8211; a d\u00e9clar\u00e9 le vice-premier ministre, ministre des sciences et de l&rsquo;enseignement sup\u00e9rieur Jaros\u0142aw Gowin dans un entretien sur Radio Cracovie.<\/strong><\/p>\n<p>Toutefois, le vice-premier ministre a d\u00e9clar\u00e9 que toute \u00e9ventualit\u00e9 doit \u00eatre prise en compte. Une \u00e9quipe sp\u00e9ciale fonctionne depuis plus d&rsquo;une semaine maintenant, compos\u00e9e de repr\u00e9sentants du minist\u00e8re, dirig\u00e9e par l&rsquo;\u00e9minent m\u00e9decin M. Wojciech Maksymowicz, ainsi que de repr\u00e9sentants de la communaut\u00e9 acad\u00e9mique &#8211; a d\u00e9clar\u00e9 le chef du minist\u00e8re des sciences.<\/p>\n<p>Nous sommes en train d&rsquo;\u00e9laborer des recommandations pour les universit\u00e9s, je recommanderai certainement aux universit\u00e9s de suspendre l&rsquo;\u00e9change dans le cadre du programme Erasmus. Des solutions d\u00e9taill\u00e9es seront propos\u00e9es plus tard dans la semaine &#8211; a d\u00e9clar\u00e9 le vice-premier ministre Gowin.<\/p>\n","protected":false},"excerpt":{"rendered":"<p>Il est trop t\u00f4t de parler de suspension des cours, mais il est important que les universit\u00e9s se pr\u00e9parent \u00e0 une telle \u00e9ventualit\u00e9, en commen\u00e7ant par remplacer les cours \u00e0 plein temps par des cours dans l&rsquo;espace virtuel. Certaines universit\u00e9s sont bien pr\u00e9par\u00e9es \u00e0 cela &#8211; a d\u00e9clar\u00e9 le vice-premier ministre, ministre des sciences et [&hellip;]<\/p>\n","protected":false},"author":11,"featured_media":0,"comment_status":"closed","ping_status":"closed","sticky":false,"template":"","format":"standard","meta":[],"categories":[35],"tags":[],"_links":{"self":[{"href":"https:\/\/www.polishscience.pl\/fr\/wp-json\/wp\/v2\/posts\/119039"}],"collection":[{"href":"https:\/\/www.polishscience.pl\/fr\/wp-json\/wp\/v2\/posts"}],"about":[{"href":"https:\/\/www.polishscience.pl\/fr\/wp-json\/wp\/v2\/types\/post"}],"author":[{"embeddable":true,"href":"https:\/\/www.polishscience.pl\/fr\/wp-json\/wp\/v2\/users\/11"}],"replies":[{"embeddable":true,"href":"https:\/\/www.polishscience.pl\/fr\/wp-json\/wp\/v2\/comments?post=119039"}],"version-history":[{"count":0,"href":"https:\/\/www.polishscience.pl\/fr\/wp-json\/wp\/v2\/posts\/119039\/revisions"}],"wp:attachment":[{"href":"https:\/\/www.polishscience.pl\/fr\/wp-json\/wp\/v2\/media?parent=119039"}],"wp:term":[{"taxonomy":"category","embeddable":true,"href":"https:\/\/www.polishscience.pl\/fr\/wp-json\/wp\/v2\/categories?post=119039"},{"taxonomy":"post_tag","embeddable":true,"href":"https:\/\/www.polishscience.pl\/fr\/wp-json\/wp\/v2\/tags?post=119039"}],"curies":[{"name":"wp","href":"https:\/\/api.w.org\/{rel}","templated":true}]}}