{"id":118330,"date":"2020-03-06T13:24:41","date_gmt":"2020-03-06T12:24:41","guid":{"rendered":"http:\/\/polishscience.pl\/?p=118330"},"modified":"2020-03-06T13:24:41","modified_gmt":"2020-03-06T12:24:41","slug":"la-conference-du-president-de-lislande-a-luniversite-de-varsovie","status":"publish","type":"post","link":"https:\/\/www.polishscience.pl\/fr\/la-conference-du-president-de-lislande-a-luniversite-de-varsovie\/","title":{"rendered":"La conf\u00e9rence du Pr\u00e9sident de l&rsquo;Islande \u00e0 l&rsquo;Universit\u00e9 de Varsovie"},"content":{"rendered":"<p><strong>\u00ab\u00a0D\u00e9fendre les Asgards, l&rsquo;ind\u00e9pendance et les droits de l&rsquo;homme. L&rsquo;utilisation de l&rsquo;histoire dans les affaires courantes\u00a0\u00bb est le titre d&rsquo;une conf\u00e9rence donn\u00e9e par Gu\u00f0ni Th. J\u00f3hannesson, pr\u00e9sident de l&rsquo;Islande, \u00e0 l&rsquo;universit\u00e9 de Varsovie. Cette rencontre s&rsquo;inscrivait dans le cadre de sa visite officielle en Pologne.<\/strong><\/p>\n<p>Avant de devenir pr\u00e9sident de l&rsquo;Islande en 2016, Gu\u00f0ni Th. J\u00f3hannesson \u00e9tait professeur d&rsquo;histoire \u00e0 l&rsquo;universit\u00e9 d&rsquo;Islande. Il est un auteur appr\u00e9ci\u00e9 de livres d&rsquo;histoire\u00a0\u00bb, informe-t-on dans un communiqu\u00e9 de l&rsquo;Universit\u00e9 d&rsquo;Islande.<\/p>\n<p>Dans son discours intitul\u00e9 \u00ab\u00a0D\u00e9fendre les Asgards, l&rsquo;ind\u00e9pendance et les droits de l&rsquo;homme\u00a0\u00bb. L&rsquo;utilisation de l&rsquo;histoire dans les affaires courantes\u00a0\u00bb, le pr\u00e9sident islandais a \u00e9voqu\u00e9 les avantages et les inconv\u00e9nients de l&rsquo;utilisation de l&rsquo;histoire dans les activit\u00e9s contemporaines. Il a abord\u00e9 des questions concernant la mythologie nordique, notamment celles li\u00e9es \u00e0 la terre d&rsquo;Asgard.<\/p>\n<p>Nous devons d\u00e9fendre notre h\u00e9ritage ancien contre les abus des extr\u00e9mistes racistes. Nous devons d\u00e9fendre la diversit\u00e9, la libert\u00e9 et la tol\u00e9rance. Dans cette d\u00e9fense, nous devons utiliser des coutumes et des sources anciennes &#8211; a d\u00e9clar\u00e9 le Pr\u00e9sident de l&rsquo;Islande.<\/p>\n","protected":false},"excerpt":{"rendered":"<p>\u00ab\u00a0D\u00e9fendre les Asgards, l&rsquo;ind\u00e9pendance et les droits de l&rsquo;homme. L&rsquo;utilisation de l&rsquo;histoire dans les affaires courantes\u00a0\u00bb est le titre d&rsquo;une conf\u00e9rence donn\u00e9e par Gu\u00f0ni Th. J\u00f3hannesson, pr\u00e9sident de l&rsquo;Islande, \u00e0 l&rsquo;universit\u00e9 de Varsovie. Cette rencontre s&rsquo;inscrivait dans le cadre de sa visite officielle en Pologne. Avant de devenir pr\u00e9sident de l&rsquo;Islande en 2016, Gu\u00f0ni Th. [&hellip;]<\/p>\n","protected":false},"author":11,"featured_media":0,"comment_status":"closed","ping_status":"closed","sticky":false,"template":"","format":"standard","meta":[],"categories":[41,37],"tags":[],"_links":{"self":[{"href":"https:\/\/www.polishscience.pl\/fr\/wp-json\/wp\/v2\/posts\/118330"}],"collection":[{"href":"https:\/\/www.polishscience.pl\/fr\/wp-json\/wp\/v2\/posts"}],"about":[{"href":"https:\/\/www.polishscience.pl\/fr\/wp-json\/wp\/v2\/types\/post"}],"author":[{"embeddable":true,"href":"https:\/\/www.polishscience.pl\/fr\/wp-json\/wp\/v2\/users\/11"}],"replies":[{"embeddable":true,"href":"https:\/\/www.polishscience.pl\/fr\/wp-json\/wp\/v2\/comments?post=118330"}],"version-history":[{"count":0,"href":"https:\/\/www.polishscience.pl\/fr\/wp-json\/wp\/v2\/posts\/118330\/revisions"}],"wp:attachment":[{"href":"https:\/\/www.polishscience.pl\/fr\/wp-json\/wp\/v2\/media?parent=118330"}],"wp:term":[{"taxonomy":"category","embeddable":true,"href":"https:\/\/www.polishscience.pl\/fr\/wp-json\/wp\/v2\/categories?post=118330"},{"taxonomy":"post_tag","embeddable":true,"href":"https:\/\/www.polishscience.pl\/fr\/wp-json\/wp\/v2\/tags?post=118330"}],"curies":[{"name":"wp","href":"https:\/\/api.w.org\/{rel}","templated":true}]}}