{"id":118119,"date":"2020-03-05T14:44:12","date_gmt":"2020-03-05T13:44:12","guid":{"rendered":"http:\/\/polishscience.pl\/?p=118119"},"modified":"2020-03-05T14:44:12","modified_gmt":"2020-03-05T13:44:12","slug":"le-musee-numerique-de-luniversite-cardinal-stefan-wyszynski-a-ete-lance","status":"publish","type":"post","link":"https:\/\/www.polishscience.pl\/fr\/le-musee-numerique-de-luniversite-cardinal-stefan-wyszynski-a-ete-lance\/","title":{"rendered":"Le mus\u00e9e num\u00e9rique de l\u2019Universit\u00e9 Cardinal Stefan Wyszy\u0144ski a \u00e9t\u00e9 lanc\u00e9"},"content":{"rendered":"<p><strong>L\u2019Universit\u00e9 Cardinal Stefan Wyszy\u0144ski (UKSW) de Varsovie a lanc\u00e9 le mus\u00e9e num\u00e9rique de l&rsquo;UKSW. Il s&rsquo;agit d&rsquo;une collection de documents graphiques, textuels et audio consacr\u00e9s \u00e0 l&rsquo;histoire de l&rsquo;universit\u00e9, \u00e0 l&rsquo;histoire contemporaine et aux personnalit\u00e9s importantes associ\u00e9es \u00e0 l&rsquo;Acad\u00e9mie de th\u00e9ologie catholique (le pr\u00e9d\u00e9cesseur de l&rsquo;UKSW) et \u00e0 l&rsquo;Universit\u00e9 Cardinal Stefan Wyszy\u0144ski.<\/strong><\/p>\n<p>La figure cl\u00e9 du mus\u00e9e est le m\u00e9c\u00e8ne de l&rsquo;universit\u00e9 &#8211; le cardinal Stefan Wyszy\u0144ski. Le mus\u00e9e num\u00e9rique de l&rsquo;UKSW contient des textes et des photos pr\u00e9sentant les \u00e9v\u00e9nements les plus importants de l&rsquo;histoire de l&rsquo;ATK\/UKSW, des recteurs et des m\u00e9decins honoraires.<\/p>\n<p>UKSW vous encourage \u00e0 visiter et \u00e0 co-cr\u00e9er le mus\u00e9e num\u00e9rique. Si vous reconnaissez des personnes sur les photos ou si vous souhaitez partager vos photos priv\u00e9es de la vie de l&rsquo;ATK\/UKSW, veuillez nous contacter \u00e0 promocja@uksw.edu.pl \u2013 informe l&rsquo;universit\u00e9.<\/p>\n<p>Les ressources du Mus\u00e9e num\u00e9rique de l&rsquo;UKSW peuvent \u00eatre consult\u00e9es \u00e0 l&rsquo;adresse suivante<\/p>\n<p><a href=\"https:\/\/muzeumuksw.edu.pl\/\">https:\/\/muzeumuksw.edu.pl\/<\/a><\/p>\n","protected":false},"excerpt":{"rendered":"<p>L\u2019Universit\u00e9 Cardinal Stefan Wyszy\u0144ski (UKSW) de Varsovie a lanc\u00e9 le mus\u00e9e num\u00e9rique de l&rsquo;UKSW. Il s&rsquo;agit d&rsquo;une collection de documents graphiques, textuels et audio consacr\u00e9s \u00e0 l&rsquo;histoire de l&rsquo;universit\u00e9, \u00e0 l&rsquo;histoire contemporaine et aux personnalit\u00e9s importantes associ\u00e9es \u00e0 l&rsquo;Acad\u00e9mie de th\u00e9ologie catholique (le pr\u00e9d\u00e9cesseur de l&rsquo;UKSW) et \u00e0 l&rsquo;Universit\u00e9 Cardinal Stefan Wyszy\u0144ski. La figure cl\u00e9 [&hellip;]<\/p>\n","protected":false},"author":11,"featured_media":0,"comment_status":"closed","ping_status":"closed","sticky":false,"template":"","format":"standard","meta":[],"categories":[35],"tags":[],"_links":{"self":[{"href":"https:\/\/www.polishscience.pl\/fr\/wp-json\/wp\/v2\/posts\/118119"}],"collection":[{"href":"https:\/\/www.polishscience.pl\/fr\/wp-json\/wp\/v2\/posts"}],"about":[{"href":"https:\/\/www.polishscience.pl\/fr\/wp-json\/wp\/v2\/types\/post"}],"author":[{"embeddable":true,"href":"https:\/\/www.polishscience.pl\/fr\/wp-json\/wp\/v2\/users\/11"}],"replies":[{"embeddable":true,"href":"https:\/\/www.polishscience.pl\/fr\/wp-json\/wp\/v2\/comments?post=118119"}],"version-history":[{"count":0,"href":"https:\/\/www.polishscience.pl\/fr\/wp-json\/wp\/v2\/posts\/118119\/revisions"}],"wp:attachment":[{"href":"https:\/\/www.polishscience.pl\/fr\/wp-json\/wp\/v2\/media?parent=118119"}],"wp:term":[{"taxonomy":"category","embeddable":true,"href":"https:\/\/www.polishscience.pl\/fr\/wp-json\/wp\/v2\/categories?post=118119"},{"taxonomy":"post_tag","embeddable":true,"href":"https:\/\/www.polishscience.pl\/fr\/wp-json\/wp\/v2\/tags?post=118119"}],"curies":[{"name":"wp","href":"https:\/\/api.w.org\/{rel}","templated":true}]}}