{"id":118115,"date":"2020-03-05T10:30:27","date_gmt":"2020-03-05T09:30:27","guid":{"rendered":"http:\/\/polishscience.pl\/?p=118115"},"modified":"2020-03-05T10:30:27","modified_gmt":"2020-03-05T09:30:27","slug":"la-conference-sur-la-prevention-du-harcelement-sexuel-dans-le-milieu-universitaire","status":"publish","type":"post","link":"https:\/\/www.polishscience.pl\/fr\/la-conference-sur-la-prevention-du-harcelement-sexuel-dans-le-milieu-universitaire\/","title":{"rendered":"La conf\u00e9rence sur la pr\u00e9vention du harc\u00e8lement sexuel dans le milieu universitaire"},"content":{"rendered":"<p><strong>L&rsquo;Universit\u00e9 de Varsovie (UW) et le m\u00e9diateur polonais organisent conjointement une conf\u00e9rence intitul\u00e9e \u00ab\u00a0La Lutte contre le harc\u00e8lement sexuel dans l&rsquo;environnement universitaire &#8211; vers des normes et des proc\u00e9dures\u00a0\u00bb.<\/strong><\/p>\n<p>La conf\u00e9rence r\u00e9unira, entre autres, des sp\u00e9cialistes des politiques d&rsquo;\u00e9galit\u00e9 dans les universit\u00e9s. L&rsquo;\u00e9v\u00e9nement aura lieu le 16 mars dans l&rsquo;ancienne biblioth\u00e8que universitaire de l\u2019Universit\u00e9 de Varsovie sur la rue Krakowskie Przedmie\u015bcie \u00e0 Varsovie.<\/p>\n<p>L&rsquo;id\u00e9e de la conf\u00e9rence est de lier le d\u00e9bat acad\u00e9mique et la pr\u00e9sentation des r\u00e9sultats de la recherche avec des ateliers pratiques sur l&rsquo;\u00e9laboration de proc\u00e9dures d&rsquo;action en cas de signalement de harc\u00e8lement sexuel, applicables \u00e0 tous les niveaux de gestion.<\/p>\n","protected":false},"excerpt":{"rendered":"<p>L&rsquo;Universit\u00e9 de Varsovie (UW) et le m\u00e9diateur polonais organisent conjointement une conf\u00e9rence intitul\u00e9e \u00ab\u00a0La Lutte contre le harc\u00e8lement sexuel dans l&rsquo;environnement universitaire &#8211; vers des normes et des proc\u00e9dures\u00a0\u00bb. La conf\u00e9rence r\u00e9unira, entre autres, des sp\u00e9cialistes des politiques d&rsquo;\u00e9galit\u00e9 dans les universit\u00e9s. L&rsquo;\u00e9v\u00e9nement aura lieu le 16 mars dans l&rsquo;ancienne biblioth\u00e8que universitaire de l\u2019Universit\u00e9 de [&hellip;]<\/p>\n","protected":false},"author":11,"featured_media":0,"comment_status":"closed","ping_status":"closed","sticky":false,"template":"","format":"standard","meta":[],"categories":[35,41],"tags":[],"_links":{"self":[{"href":"https:\/\/www.polishscience.pl\/fr\/wp-json\/wp\/v2\/posts\/118115"}],"collection":[{"href":"https:\/\/www.polishscience.pl\/fr\/wp-json\/wp\/v2\/posts"}],"about":[{"href":"https:\/\/www.polishscience.pl\/fr\/wp-json\/wp\/v2\/types\/post"}],"author":[{"embeddable":true,"href":"https:\/\/www.polishscience.pl\/fr\/wp-json\/wp\/v2\/users\/11"}],"replies":[{"embeddable":true,"href":"https:\/\/www.polishscience.pl\/fr\/wp-json\/wp\/v2\/comments?post=118115"}],"version-history":[{"count":0,"href":"https:\/\/www.polishscience.pl\/fr\/wp-json\/wp\/v2\/posts\/118115\/revisions"}],"wp:attachment":[{"href":"https:\/\/www.polishscience.pl\/fr\/wp-json\/wp\/v2\/media?parent=118115"}],"wp:term":[{"taxonomy":"category","embeddable":true,"href":"https:\/\/www.polishscience.pl\/fr\/wp-json\/wp\/v2\/categories?post=118115"},{"taxonomy":"post_tag","embeddable":true,"href":"https:\/\/www.polishscience.pl\/fr\/wp-json\/wp\/v2\/tags?post=118115"}],"curies":[{"name":"wp","href":"https:\/\/api.w.org\/{rel}","templated":true}]}}