{"id":118113,"date":"2020-03-05T10:30:24","date_gmt":"2020-03-05T09:30:24","guid":{"rendered":"http:\/\/polishscience.pl\/?p=118113"},"modified":"2020-03-05T10:30:24","modified_gmt":"2020-03-05T09:30:24","slug":"le-centre-international-deducation-perspectives-2020","status":"publish","type":"post","link":"https:\/\/www.polishscience.pl\/fr\/le-centre-international-deducation-perspectives-2020\/","title":{"rendered":"Le Centre International d&rsquo;Education Perspectives 2020"},"content":{"rendered":"<p><strong>L\u2019exposition des lyc\u00e9es de Varsovie, les salons des universit\u00e9s polonaises et \u00e9trang\u00e8res, les conf\u00e9rences d&rsquo;experts, les ateliers, les rencontres avec des conseillers professionnels &#8211; voil\u00e0 \u00e0 quoi ressemblera le programme de la XXXIIIe Exposition Internationale de l&rsquo;Education Perspectives 2020, qui se tiendra les 6 et 7 mars au Palais de la Culture et des Sciences de Varsovie.<\/strong><\/p>\n<p>Le mois de mars est le moment id\u00e9al pour les derni\u00e8res rediffusions avant l&rsquo;examen de fin d\u2019ann\u00e9e pour les \u00e9l\u00e8ves du college et le baccalaur\u00e9at, ainsi que pour choisir un lyc\u00e9e ou une universit\u00e9. Pendant le Salon International de l&rsquo;Education, il est possible de lier ces t\u00e2ches et obtenir en plus des conseils d&rsquo;experts et de conseillers &#8211; informent les organisateurs.<\/p>\n<p>L&rsquo;\u00e9v\u00e9nement, qui a attir\u00e9 plus de 30 000 visiteurs l&rsquo;ann\u00e9e derni\u00e8re, s&rsquo;est tenu sous le haut patronage de Jaros\u0142aw Gowin, vice-premier ministre, ministre des sciences et de l&rsquo;enseignement sup\u00e9rieur, Dariusz Piontkowski, ministre de l&rsquo;\u00e9ducation nationale, Rafa\u0142 Trzaskowski, maire de Varsovie et le professeur Jan Szmidt, pr\u00e9sident de la Conf\u00e9rence des recteurs des \u00e9coles universitaires en Pologne.<\/p>\n","protected":false},"excerpt":{"rendered":"<p>L\u2019exposition des lyc\u00e9es de Varsovie, les salons des universit\u00e9s polonaises et \u00e9trang\u00e8res, les conf\u00e9rences d&rsquo;experts, les ateliers, les rencontres avec des conseillers professionnels &#8211; voil\u00e0 \u00e0 quoi ressemblera le programme de la XXXIIIe Exposition Internationale de l&rsquo;Education Perspectives 2020, qui se tiendra les 6 et 7 mars au Palais de la Culture et des Sciences [&hellip;]<\/p>\n","protected":false},"author":11,"featured_media":0,"comment_status":"closed","ping_status":"closed","sticky":false,"template":"","format":"standard","meta":[],"categories":[41],"tags":[],"_links":{"self":[{"href":"https:\/\/www.polishscience.pl\/fr\/wp-json\/wp\/v2\/posts\/118113"}],"collection":[{"href":"https:\/\/www.polishscience.pl\/fr\/wp-json\/wp\/v2\/posts"}],"about":[{"href":"https:\/\/www.polishscience.pl\/fr\/wp-json\/wp\/v2\/types\/post"}],"author":[{"embeddable":true,"href":"https:\/\/www.polishscience.pl\/fr\/wp-json\/wp\/v2\/users\/11"}],"replies":[{"embeddable":true,"href":"https:\/\/www.polishscience.pl\/fr\/wp-json\/wp\/v2\/comments?post=118113"}],"version-history":[{"count":0,"href":"https:\/\/www.polishscience.pl\/fr\/wp-json\/wp\/v2\/posts\/118113\/revisions"}],"wp:attachment":[{"href":"https:\/\/www.polishscience.pl\/fr\/wp-json\/wp\/v2\/media?parent=118113"}],"wp:term":[{"taxonomy":"category","embeddable":true,"href":"https:\/\/www.polishscience.pl\/fr\/wp-json\/wp\/v2\/categories?post=118113"},{"taxonomy":"post_tag","embeddable":true,"href":"https:\/\/www.polishscience.pl\/fr\/wp-json\/wp\/v2\/tags?post=118113"}],"curies":[{"name":"wp","href":"https:\/\/api.w.org\/{rel}","templated":true}]}}