{"id":117904,"date":"2020-03-04T18:11:41","date_gmt":"2020-03-04T17:11:41","guid":{"rendered":"http:\/\/polishscience.pl\/?p=117904"},"modified":"2020-03-04T18:11:41","modified_gmt":"2020-03-04T17:11:41","slug":"des-etudiants-de-luniversite-de-zielona-gora-sont-finalistes-du-concours-de-lagence-spatiale-europeenne","status":"publish","type":"post","link":"https:\/\/www.polishscience.pl\/fr\/des-etudiants-de-luniversite-de-zielona-gora-sont-finalistes-du-concours-de-lagence-spatiale-europeenne\/","title":{"rendered":"Des \u00e9tudiants de l&rsquo;Universit\u00e9 de Zielona G\u00f3ra sont finalistes du concours de l&rsquo;Agence Spatiale Europ\u00e9enne"},"content":{"rendered":"<p><strong>Les membres du Cercle scientifique de m\u00e9decine spatiale du Collegium Medicum de l&rsquo;Universit\u00e9 de Zielona G\u00f3ra sont devenus finalistes du concours de l&rsquo;Agence Spatiale Europ\u00e9enne &#8211; Orbitez votre th\u00e8se ! &#8211; informe l&rsquo;universit\u00e9.<\/strong><\/p>\n<p>Jakub Szczepa\u0144ski, Jakub Go\u0142awski et Karol Marciniak sont membres de l&rsquo;\u00e9quipe interuniversitaire du Plan A. Avec leurs coll\u00e8gues des Polytechniques de Gdansk et de Wroclaw et de l&rsquo;universit\u00e9 de m\u00e9decine de Wroclaw, ils ont \u00e9labor\u00e9 une proposition d&rsquo;exp\u00e9rience qu&rsquo;ils souhaitent mener \u00e0 la station spatiale internationale. Le projet a \u00e9t\u00e9 tellement populaire aupr\u00e8s de l&rsquo;Agence Spatiale Europ\u00e9enne que l&rsquo;\u00e9quipe du Plan A a \u00e9t\u00e9 invit\u00e9e au si\u00e8ge de l&rsquo;Agence pour pr\u00e9senter l&rsquo;id\u00e9e plus en d\u00e9tail.<\/p>\n<p>Ce n&rsquo;est pas le premier succ\u00e8s des \u00e9tudiants de Gda\u0144sk. L&rsquo;ann\u00e9e derni\u00e8re, le projet ANTARES a rejoint le groupe des finalistes du prestigieux concours Rexus\/Bexus \u00e9galement organis\u00e9 par l&rsquo;Agence Spatiale Europ\u00e9enne. Le cercle dirige \u00e9galement le projet de recherche PROCJON et finalise les pr\u00e9paratifs de sa propre mission stratosph\u00e9rique.<\/p>\n","protected":false},"excerpt":{"rendered":"<p>Les membres du Cercle scientifique de m\u00e9decine spatiale du Collegium Medicum de l&rsquo;Universit\u00e9 de Zielona G\u00f3ra sont devenus finalistes du concours de l&rsquo;Agence Spatiale Europ\u00e9enne &#8211; Orbitez votre th\u00e8se ! &#8211; informe l&rsquo;universit\u00e9. Jakub Szczepa\u0144ski, Jakub Go\u0142awski et Karol Marciniak sont membres de l&rsquo;\u00e9quipe interuniversitaire du Plan A. Avec leurs coll\u00e8gues des Polytechniques de Gdansk [&hellip;]<\/p>\n","protected":false},"author":11,"featured_media":0,"comment_status":"closed","ping_status":"closed","sticky":false,"template":"","format":"standard","meta":[],"categories":[41],"tags":[],"_links":{"self":[{"href":"https:\/\/www.polishscience.pl\/fr\/wp-json\/wp\/v2\/posts\/117904"}],"collection":[{"href":"https:\/\/www.polishscience.pl\/fr\/wp-json\/wp\/v2\/posts"}],"about":[{"href":"https:\/\/www.polishscience.pl\/fr\/wp-json\/wp\/v2\/types\/post"}],"author":[{"embeddable":true,"href":"https:\/\/www.polishscience.pl\/fr\/wp-json\/wp\/v2\/users\/11"}],"replies":[{"embeddable":true,"href":"https:\/\/www.polishscience.pl\/fr\/wp-json\/wp\/v2\/comments?post=117904"}],"version-history":[{"count":0,"href":"https:\/\/www.polishscience.pl\/fr\/wp-json\/wp\/v2\/posts\/117904\/revisions"}],"wp:attachment":[{"href":"https:\/\/www.polishscience.pl\/fr\/wp-json\/wp\/v2\/media?parent=117904"}],"wp:term":[{"taxonomy":"category","embeddable":true,"href":"https:\/\/www.polishscience.pl\/fr\/wp-json\/wp\/v2\/categories?post=117904"},{"taxonomy":"post_tag","embeddable":true,"href":"https:\/\/www.polishscience.pl\/fr\/wp-json\/wp\/v2\/tags?post=117904"}],"curies":[{"name":"wp","href":"https:\/\/api.w.org\/{rel}","templated":true}]}}