{"id":117667,"date":"2020-03-03T14:18:54","date_gmt":"2020-03-03T13:18:54","guid":{"rendered":"http:\/\/polishscience.pl\/?p=117667"},"modified":"2020-03-03T14:18:54","modified_gmt":"2020-03-03T13:18:54","slug":"la-conference-de-lacademie-polonaise-des-sciences-leau-et-le-changement-climatique","status":"publish","type":"post","link":"https:\/\/www.polishscience.pl\/fr\/la-conference-de-lacademie-polonaise-des-sciences-leau-et-le-changement-climatique\/","title":{"rendered":"La conf\u00e9rence de l&rsquo;Acad\u00e9mie Polonaise des Sciences \u00ab\u00a0L&rsquo;eau et le changement climatique\u00a0\u00bb"},"content":{"rendered":"<p><strong>L&rsquo;Acad\u00e9mie Polonaise des Sciences (PAN) organise une conf\u00e9rence intitul\u00e9e \u00ab\u00a0L\u2019eau et le changement climatique\u00a0\u00bb le 23 mars 2020 \u00e0 l&rsquo;occasion de la Journ\u00e9e mondiale de l&rsquo;eau, qui se tiendra \u00e0 Varsovie.<\/strong><\/p>\n<p>Les participants \u00e0 l&rsquo;\u00e9v\u00e9nement r\u00e9fl\u00e9chiront \u00e0 la mani\u00e8re dont le r\u00e9chauffement climatique affecte les ressources en eau en Pologne. La discussion sera pr\u00e9sid\u00e9e par le vice-pr\u00e9sident de l&rsquo;Acad\u00e9mie Polonaise des Sciences, le professeur Pawe\u0142 Rowi\u0144ski et le professeur Tomasz Okruszko, pr\u00e9sident du comit\u00e9 de gestion de l&rsquo;eau de l&rsquo;Acad\u00e9mie Polonaise des Sciences. Notre invit\u00e9 sera le ministre du climat, le Dr Micha\u0142 Kurtyka.<\/p>\n<p>Pendant la rencontre, les organisateurs ont pr\u00e9vu plusieurs conf\u00e9rences. Des sc\u00e9narios possibles concernant les conditions thermiques et de pr\u00e9cipitation en Pologne jusqu&rsquo;en 2100 seront pr\u00e9sent\u00e9s par le docteur d\u2019Etat ing\u00e9nieur Joanna Stru\u017cewska de l&rsquo;Institut de la protection de l&rsquo;environnement. Le th\u00e8me de l&rsquo;adaptation des villes au changement climatique sera pr\u00e9sent\u00e9 par le Dr Iwona Wagner (Universit\u00e9 de Lodz). Le r\u00f4le important des oc\u00e9ans sera expliqu\u00e9 par le Prof. Jan Marcin W\u0119s\u0142awski (Institut d&rsquo;oc\u00e9anologie PAN).<\/p>\n","protected":false},"excerpt":{"rendered":"<p>L&rsquo;Acad\u00e9mie Polonaise des Sciences (PAN) organise une conf\u00e9rence intitul\u00e9e \u00ab\u00a0L\u2019eau et le changement climatique\u00a0\u00bb le 23 mars 2020 \u00e0 l&rsquo;occasion de la Journ\u00e9e mondiale de l&rsquo;eau, qui se tiendra \u00e0 Varsovie. Les participants \u00e0 l&rsquo;\u00e9v\u00e9nement r\u00e9fl\u00e9chiront \u00e0 la mani\u00e8re dont le r\u00e9chauffement climatique affecte les ressources en eau en Pologne. La discussion sera pr\u00e9sid\u00e9e par [&hellip;]<\/p>\n","protected":false},"author":11,"featured_media":0,"comment_status":"closed","ping_status":"closed","sticky":false,"template":"","format":"standard","meta":[],"categories":[41],"tags":[],"_links":{"self":[{"href":"https:\/\/www.polishscience.pl\/fr\/wp-json\/wp\/v2\/posts\/117667"}],"collection":[{"href":"https:\/\/www.polishscience.pl\/fr\/wp-json\/wp\/v2\/posts"}],"about":[{"href":"https:\/\/www.polishscience.pl\/fr\/wp-json\/wp\/v2\/types\/post"}],"author":[{"embeddable":true,"href":"https:\/\/www.polishscience.pl\/fr\/wp-json\/wp\/v2\/users\/11"}],"replies":[{"embeddable":true,"href":"https:\/\/www.polishscience.pl\/fr\/wp-json\/wp\/v2\/comments?post=117667"}],"version-history":[{"count":0,"href":"https:\/\/www.polishscience.pl\/fr\/wp-json\/wp\/v2\/posts\/117667\/revisions"}],"wp:attachment":[{"href":"https:\/\/www.polishscience.pl\/fr\/wp-json\/wp\/v2\/media?parent=117667"}],"wp:term":[{"taxonomy":"category","embeddable":true,"href":"https:\/\/www.polishscience.pl\/fr\/wp-json\/wp\/v2\/categories?post=117667"},{"taxonomy":"post_tag","embeddable":true,"href":"https:\/\/www.polishscience.pl\/fr\/wp-json\/wp\/v2\/tags?post=117667"}],"curies":[{"name":"wp","href":"https:\/\/api.w.org\/{rel}","templated":true}]}}