{"id":117663,"date":"2020-03-03T10:18:52","date_gmt":"2020-03-03T09:18:52","guid":{"rendered":"http:\/\/polishscience.pl\/?p=117663"},"modified":"2020-03-03T10:18:52","modified_gmt":"2020-03-03T09:18:52","slug":"la-conference-100-ans-de-protection-de-lenvironnement-en-pologne-et-apres","status":"publish","type":"post","link":"https:\/\/www.polishscience.pl\/fr\/la-conference-100-ans-de-protection-de-lenvironnement-en-pologne-et-apres\/","title":{"rendered":"La conf\u00e9rence \u00ab\u00a0100 ans de protection de l&rsquo;environnement en Pologne &#8211; et apr\u00e8s ?"},"content":{"rendered":"<p><strong>La Chaire de protection de l&rsquo;environnement de l&rsquo;Universit\u00e9 des sciences de la vie et des sciences humaines de Varsovie (SGGW) et la Fondation de l&rsquo;Institut pour le d\u00e9veloppement durable invitent des scientifiques, des praticiens du monde des affaires, des fonctionnaires des administrations locales et des organisations non gouvernementales \u00e0 une conf\u00e9rence intitul\u00e9e \u00a0\u00ab\u00a0100 ans de protection de l&rsquo;environnement en Pologne &#8211; et apr\u00e8s ?\u00a0\u00bb, qui aura lieu les 16 et 17 mars 2020 \u00e0 la Maison de la Technologie ( Dom Tecchnika) de Varsovie.<\/strong><\/p>\n<p>Les 100 ans symboliques ont \u00e9t\u00e9 compt\u00e9s depuis le 17 d\u00e9cembre 1919, date \u00e0 laquelle les milieux scientifiques ont propos\u00e9 la cr\u00e9ation du Conseil d&rsquo;Etat pour la protection de la nature dans la Deuxi\u00e8me R\u00e9publique ind\u00e9pendante de Pologne.<\/p>\n<p>La conf\u00e9rence vise \u00e0 enseigner en montrant l&rsquo;effort de plusieurs g\u00e9n\u00e9rations de personnes, d&rsquo;institutions et d&rsquo;organisations qui a \u00e9t\u00e9 mis en \u0153uvre pour prendre soin de leur nature natale et de la compr\u00e9hension moderne de la protection de l&rsquo;environnement et du d\u00e9veloppement durable.<\/p>\n<p>Le sujet de la conf\u00e9rence concerne les \u00e9checs et les succ\u00e8s historiques de la protection de l&rsquo;environnement en Pologne et l&rsquo;\u00e9laboration de recommandations pour la future politique de d\u00e9veloppement durable du pays conform\u00e9ment aux objectifs de d\u00e9veloppement durable des Nations unies.<\/p>\n","protected":false},"excerpt":{"rendered":"<p>La Chaire de protection de l&rsquo;environnement de l&rsquo;Universit\u00e9 des sciences de la vie et des sciences humaines de Varsovie (SGGW) et la Fondation de l&rsquo;Institut pour le d\u00e9veloppement durable invitent des scientifiques, des praticiens du monde des affaires, des fonctionnaires des administrations locales et des organisations non gouvernementales \u00e0 une conf\u00e9rence intitul\u00e9e \u00a0\u00ab\u00a0100 ans de [&hellip;]<\/p>\n","protected":false},"author":11,"featured_media":0,"comment_status":"closed","ping_status":"closed","sticky":false,"template":"","format":"standard","meta":[],"categories":[41],"tags":[],"_links":{"self":[{"href":"https:\/\/www.polishscience.pl\/fr\/wp-json\/wp\/v2\/posts\/117663"}],"collection":[{"href":"https:\/\/www.polishscience.pl\/fr\/wp-json\/wp\/v2\/posts"}],"about":[{"href":"https:\/\/www.polishscience.pl\/fr\/wp-json\/wp\/v2\/types\/post"}],"author":[{"embeddable":true,"href":"https:\/\/www.polishscience.pl\/fr\/wp-json\/wp\/v2\/users\/11"}],"replies":[{"embeddable":true,"href":"https:\/\/www.polishscience.pl\/fr\/wp-json\/wp\/v2\/comments?post=117663"}],"version-history":[{"count":0,"href":"https:\/\/www.polishscience.pl\/fr\/wp-json\/wp\/v2\/posts\/117663\/revisions"}],"wp:attachment":[{"href":"https:\/\/www.polishscience.pl\/fr\/wp-json\/wp\/v2\/media?parent=117663"}],"wp:term":[{"taxonomy":"category","embeddable":true,"href":"https:\/\/www.polishscience.pl\/fr\/wp-json\/wp\/v2\/categories?post=117663"},{"taxonomy":"post_tag","embeddable":true,"href":"https:\/\/www.polishscience.pl\/fr\/wp-json\/wp\/v2\/tags?post=117663"}],"curies":[{"name":"wp","href":"https:\/\/api.w.org\/{rel}","templated":true}]}}