{"id":117478,"date":"2020-03-02T13:43:42","date_gmt":"2020-03-02T12:43:42","guid":{"rendered":"http:\/\/polishscience.pl\/?p=117478"},"modified":"2020-03-02T14:44:03","modified_gmt":"2020-03-02T13:44:03","slug":"la-conference-la-femme-dans-le-prisme-des-sciences-sociales-et-medicales-a-lublin","status":"publish","type":"post","link":"https:\/\/www.polishscience.pl\/fr\/la-conference-la-femme-dans-le-prisme-des-sciences-sociales-et-medicales-a-lublin\/","title":{"rendered":"La conf\u00e9rence \u00ab\u00a0La femme dans le prisme des sciences sociales et m\u00e9dicales\u00a0\u00bb \u00e0 Lublin"},"content":{"rendered":"<p><strong>L&rsquo;Ecole Sup\u00e9rieure des Sciences Sociales de Lublin \u00a0invite \u00e0 participer \u00e0 la conf\u00e9rence scientifique interdisciplinaire \u00ab\u00a0La femme dans le prisme des sciences sociales et m\u00e9dicales\u00a0\u00bb, qui se tiendra le 6 mars 2020 au 47, rue Zamojska \u00e0 Lublin.<\/strong><\/p>\n<p>L&rsquo;objectif de la conf\u00e9rence est d&rsquo;\u00e9changer les r\u00e9flexions, les points de vue et les exp\u00e9riences des sp\u00e9cialistes en sciences sociales et en sciences m\u00e9dicales et de la sant\u00e9.<\/p>\n<p>Dans la section des sciences sociales, les organisateurs veulent aborder trois sujets : \u00ab\u00a0Le r\u00f4le des femmes dans les contextes changeants de la vie sociale \u2013 la famille, le foyer, le travail, les loisirs\u00a0\u00bb, \u00ab\u00a0Les femmes dans l&rsquo;ar\u00e8ne de la vie publique et politique\u00a0\u00bb et \u00ab\u00a0L&rsquo;image des femmes dans les m\u00e9dias\u00a0\u00bb.<\/p>\n<p>Dans la section consacr\u00e9e aux sciences m\u00e9dicales et de la sant\u00e9, les participants se concentreront sur deux questions : \u00ab\u00a0La sant\u00e9 de la femme \u00e0 diff\u00e9rentes p\u00e9riodes de sa vie \u2013 les menaces, les unit\u00e9s de maladie, les actions et les programmes de pr\u00e9vention\u00a0\u00bb et \u00ab\u00a0la beaut\u00e9, les soins, l\u2019embellissement du corps \u2013 les actions men\u00e9es par les cosm\u00e9tologues, les pharmacologues, les di\u00e9t\u00e9ticiens, les dermatologues et les m\u00e9decins de m\u00e9decine esth\u00e9tique\u00a0\u00bb.<\/p>\n","protected":false},"excerpt":{"rendered":"<p>L&rsquo;Ecole Sup\u00e9rieure des Sciences Sociales de Lublin \u00a0invite \u00e0 participer \u00e0 la conf\u00e9rence scientifique interdisciplinaire \u00ab\u00a0La femme dans le prisme des sciences sociales et m\u00e9dicales\u00a0\u00bb, qui se tiendra le 6 mars 2020 au 47, rue Zamojska \u00e0 Lublin. L&rsquo;objectif de la conf\u00e9rence est d&rsquo;\u00e9changer les r\u00e9flexions, les points de vue et les exp\u00e9riences des sp\u00e9cialistes [&hellip;]<\/p>\n","protected":false},"author":11,"featured_media":0,"comment_status":"closed","ping_status":"closed","sticky":false,"template":"","format":"standard","meta":[],"categories":[41],"tags":[],"_links":{"self":[{"href":"https:\/\/www.polishscience.pl\/fr\/wp-json\/wp\/v2\/posts\/117478"}],"collection":[{"href":"https:\/\/www.polishscience.pl\/fr\/wp-json\/wp\/v2\/posts"}],"about":[{"href":"https:\/\/www.polishscience.pl\/fr\/wp-json\/wp\/v2\/types\/post"}],"author":[{"embeddable":true,"href":"https:\/\/www.polishscience.pl\/fr\/wp-json\/wp\/v2\/users\/11"}],"replies":[{"embeddable":true,"href":"https:\/\/www.polishscience.pl\/fr\/wp-json\/wp\/v2\/comments?post=117478"}],"version-history":[{"count":0,"href":"https:\/\/www.polishscience.pl\/fr\/wp-json\/wp\/v2\/posts\/117478\/revisions"}],"wp:attachment":[{"href":"https:\/\/www.polishscience.pl\/fr\/wp-json\/wp\/v2\/media?parent=117478"}],"wp:term":[{"taxonomy":"category","embeddable":true,"href":"https:\/\/www.polishscience.pl\/fr\/wp-json\/wp\/v2\/categories?post=117478"},{"taxonomy":"post_tag","embeddable":true,"href":"https:\/\/www.polishscience.pl\/fr\/wp-json\/wp\/v2\/tags?post=117478"}],"curies":[{"name":"wp","href":"https:\/\/api.w.org\/{rel}","templated":true}]}}