{"id":116798,"date":"2020-02-25T15:32:42","date_gmt":"2020-02-25T14:32:42","guid":{"rendered":"http:\/\/polishscience.pl\/?p=116798"},"modified":"2020-02-25T15:32:42","modified_gmt":"2020-02-25T14:32:42","slug":"linvitation-de-luniversite-adam-mickiewicz-a-poznan-au-sound-art-festival","status":"publish","type":"post","link":"https:\/\/www.polishscience.pl\/fr\/linvitation-de-luniversite-adam-mickiewicz-a-poznan-au-sound-art-festival\/","title":{"rendered":"L\u2019invitation de l&rsquo;universit\u00e9 Adam Mickiewicz \u00e0 Pozna\u0144 au Sound Art Festival"},"content":{"rendered":"<p><a name=\"_GoBack\"><\/a><strong> <span style=\"font-family: Times New Roman, serif;\"><span style=\"font-size: medium;\"><span lang=\"en-US\">La Facult\u00e9 de physique de l&rsquo;Universit\u00e9 Adam Mickiewicz, l&rsquo;Universit\u00e9 des arts et l&rsquo;Acad\u00e9mie de musique de Pozna\u0144 et la soci\u00e9t\u00e9 DAARS invitent au Festival d&rsquo;art sonore les 28 et 29 f\u00e9vrier. Il s&rsquo;agit d&rsquo;une rencontre unique de repr\u00e9sentants de l&rsquo;industrie musicale sur le march\u00e9 polonais avec des \u00e9tudiants universitaires.<\/span><\/span><\/span><\/strong><\/p>\n<p lang=\"en-US\"><span style=\"font-family: Times New Roman, serif;\"><span style=\"font-size: medium;\">Au cours de l&rsquo;\u00e9v\u00e9nement, une pr\u00e9sentation des nouvelles technologies dans le domaine de l&rsquo;ing\u00e9nierie et de la r\u00e9alisation du son, de la technologie de streaming, des spectacles artistiques, des concerts de musique et des expositions d&rsquo;art est pr\u00e9vue. Les ateliers et les conf\u00e9rences seront dirig\u00e9s par Robert Friedrich, Hieronim Wrona et Rajmund Kawalec, entre autres &#8211; informent les organisateurs \u00e0 l&rsquo;Universit\u00e9 Adam Mickiewicz.<\/span><\/span><\/p>\n<p lang=\"en-US\"><span style=\"font-family: Times New Roman, serif;\"><span style=\"font-size: medium;\">Le programme comprend \u00e9galement une pr\u00e9sentation de la harpe laser et des sculptures sonores ainsi qu&rsquo;une visite de la chambre an\u00e9cho\u00efque unique du d\u00e9partement d&rsquo;acoustique de la facult\u00e9 de physique de l&rsquo;universit\u00e9 Adam Mickiewicz \u00e0 Poznan.<\/span><\/span><\/p>\n","protected":false},"excerpt":{"rendered":"<p>La Facult\u00e9 de physique de l&rsquo;Universit\u00e9 Adam Mickiewicz, l&rsquo;Universit\u00e9 des arts et l&rsquo;Acad\u00e9mie de musique de Pozna\u0144 et la soci\u00e9t\u00e9 DAARS invitent au Festival d&rsquo;art sonore les 28 et 29 f\u00e9vrier. Il s&rsquo;agit d&rsquo;une rencontre unique de repr\u00e9sentants de l&rsquo;industrie musicale sur le march\u00e9 polonais avec des \u00e9tudiants universitaires. Au cours de l&rsquo;\u00e9v\u00e9nement, une pr\u00e9sentation [&hellip;]<\/p>\n","protected":false},"author":11,"featured_media":0,"comment_status":"closed","ping_status":"closed","sticky":false,"template":"","format":"standard","meta":[],"categories":[41],"tags":[],"_links":{"self":[{"href":"https:\/\/www.polishscience.pl\/fr\/wp-json\/wp\/v2\/posts\/116798"}],"collection":[{"href":"https:\/\/www.polishscience.pl\/fr\/wp-json\/wp\/v2\/posts"}],"about":[{"href":"https:\/\/www.polishscience.pl\/fr\/wp-json\/wp\/v2\/types\/post"}],"author":[{"embeddable":true,"href":"https:\/\/www.polishscience.pl\/fr\/wp-json\/wp\/v2\/users\/11"}],"replies":[{"embeddable":true,"href":"https:\/\/www.polishscience.pl\/fr\/wp-json\/wp\/v2\/comments?post=116798"}],"version-history":[{"count":0,"href":"https:\/\/www.polishscience.pl\/fr\/wp-json\/wp\/v2\/posts\/116798\/revisions"}],"wp:attachment":[{"href":"https:\/\/www.polishscience.pl\/fr\/wp-json\/wp\/v2\/media?parent=116798"}],"wp:term":[{"taxonomy":"category","embeddable":true,"href":"https:\/\/www.polishscience.pl\/fr\/wp-json\/wp\/v2\/categories?post=116798"},{"taxonomy":"post_tag","embeddable":true,"href":"https:\/\/www.polishscience.pl\/fr\/wp-json\/wp\/v2\/tags?post=116798"}],"curies":[{"name":"wp","href":"https:\/\/api.w.org\/{rel}","templated":true}]}}