{"id":116792,"date":"2020-02-25T14:46:43","date_gmt":"2020-02-25T13:46:43","guid":{"rendered":"http:\/\/polishscience.pl\/?p=116792"},"modified":"2020-02-25T14:46:43","modified_gmt":"2020-02-25T13:46:43","slug":"la-conference-sur-la-revitalisation-des-zones-degradees-a-luniversite-de-zielona-gora","status":"publish","type":"post","link":"https:\/\/www.polishscience.pl\/fr\/la-conference-sur-la-revitalisation-des-zones-degradees-a-luniversite-de-zielona-gora\/","title":{"rendered":"La conf\u00e9rence sur la revitalisation des zones d\u00e9grad\u00e9es \u00e0 l&rsquo;Universit\u00e9 de Zielona G\u00f3ra"},"content":{"rendered":"<p lang=\"en-US\"><strong><span style=\"font-family: Times New Roman, serif;\"><span style=\"font-size: medium;\">L&rsquo;Institut de la construction de l&rsquo;Universit\u00e9 de Zielona G\u00f3ra invite le 4 mars \u00e0 une conf\u00e9rence ouverte du professeur Alina Maciejewska \u00ab\u00a0La revitalisation des zones d\u00e9grad\u00e9es et son importance dans la gestion rationnelle de l&rsquo;espace\u00a0\u00bb.<\/span><\/span><\/strong><\/p>\n<p lang=\"en-US\"><span style=\"font-family: Times New Roman, serif;\"><span style=\"font-size: medium;\">Le professeur Alina Maciejewska &#8211; experte en ing\u00e9nierie de l&rsquo;environnement du sol, en science du sol, en r\u00e9habilitation des zones d\u00e9grad\u00e9es, auteur ou co-auteur de plus de 200 travaux scientifiques. Les recherches scientifiques qu&rsquo;elle m\u00e8ne concernent : la d\u00e9gradation chimique des sols, la r\u00e9habilitation et la gestion des zones d\u00e9grad\u00e9es, l&rsquo;analyse des conditions naturelles dans la gestion de l&rsquo;espace, la gestion environnementale dans les communes, la revitalisation des zones d\u00e9grad\u00e9es. <\/span><\/span><\/p>\n<p lang=\"en-US\"><span style=\"font-family: Times New Roman, serif;\"><span style=\"font-size: medium;\">La conf\u00e9rence fait partie d&rsquo;une s\u00e9rie de rencontres ouvertes, organis\u00e9es par l&rsquo;Institut de la construction, au cours de l&rsquo;ann\u00e9e acad\u00e9mique 2019\/2020, pour soutenir le partage des connaissances en relation avec les domaines d&rsquo;\u00e9tudes : la g\u00e9oinformatique et la technologie des satellites, la construction et l\u2019ing\u00e9nierie environnementale &#8211; informe l&rsquo;universit\u00e9.<\/span><\/span><\/p>\n","protected":false},"excerpt":{"rendered":"<p>L&rsquo;Institut de la construction de l&rsquo;Universit\u00e9 de Zielona G\u00f3ra invite le 4 mars \u00e0 une conf\u00e9rence ouverte du professeur Alina Maciejewska \u00ab\u00a0La revitalisation des zones d\u00e9grad\u00e9es et son importance dans la gestion rationnelle de l&rsquo;espace\u00a0\u00bb. Le professeur Alina Maciejewska &#8211; experte en ing\u00e9nierie de l&rsquo;environnement du sol, en science du sol, en r\u00e9habilitation des zones [&hellip;]<\/p>\n","protected":false},"author":11,"featured_media":0,"comment_status":"closed","ping_status":"closed","sticky":false,"template":"","format":"standard","meta":[],"categories":[41,34],"tags":[],"_links":{"self":[{"href":"https:\/\/www.polishscience.pl\/fr\/wp-json\/wp\/v2\/posts\/116792"}],"collection":[{"href":"https:\/\/www.polishscience.pl\/fr\/wp-json\/wp\/v2\/posts"}],"about":[{"href":"https:\/\/www.polishscience.pl\/fr\/wp-json\/wp\/v2\/types\/post"}],"author":[{"embeddable":true,"href":"https:\/\/www.polishscience.pl\/fr\/wp-json\/wp\/v2\/users\/11"}],"replies":[{"embeddable":true,"href":"https:\/\/www.polishscience.pl\/fr\/wp-json\/wp\/v2\/comments?post=116792"}],"version-history":[{"count":0,"href":"https:\/\/www.polishscience.pl\/fr\/wp-json\/wp\/v2\/posts\/116792\/revisions"}],"wp:attachment":[{"href":"https:\/\/www.polishscience.pl\/fr\/wp-json\/wp\/v2\/media?parent=116792"}],"wp:term":[{"taxonomy":"category","embeddable":true,"href":"https:\/\/www.polishscience.pl\/fr\/wp-json\/wp\/v2\/categories?post=116792"},{"taxonomy":"post_tag","embeddable":true,"href":"https:\/\/www.polishscience.pl\/fr\/wp-json\/wp\/v2\/tags?post=116792"}],"curies":[{"name":"wp","href":"https:\/\/api.w.org\/{rel}","templated":true}]}}