{"id":116788,"date":"2020-02-25T14:46:21","date_gmt":"2020-02-25T13:46:21","guid":{"rendered":"http:\/\/polishscience.pl\/?p=116788"},"modified":"2020-02-25T14:46:21","modified_gmt":"2020-02-25T13:46:21","slug":"le-concours-de-photos-veritas-et-libertas-a-loccasion-du-75eme-anniversaire-de-luniversite-de-lodz","status":"publish","type":"post","link":"https:\/\/www.polishscience.pl\/fr\/le-concours-de-photos-veritas-et-libertas-a-loccasion-du-75eme-anniversaire-de-luniversite-de-lodz\/","title":{"rendered":"Le concours de photos \u00ab\u00a0Veritas et Libertas\u00a0\u00bb \u00e0 l&rsquo;occasion du 75\u00e8me anniversaire de l&rsquo;Universit\u00e9 de Lodz"},"content":{"rendered":"<p lang=\"en-US\"><strong><span style=\"font-family: Times New Roman, serif;\"><span style=\"font-size: medium;\">\u00c0 l&rsquo;occasion de son 75e anniversaire, l&rsquo;Universit\u00e9 de Lodz (U\u0141) organise un concours photographique national dont le th\u00e8me principal est la devise de l&rsquo;Universit\u00e9 de Lodz : \u00ab\u00a0Veritas et Libertas\u00a0\u00bb (\u00ab\u00a0V\u00e9rit\u00e9 et libert\u00e9\u00a0\u00bb).<\/span><\/span><\/strong><\/p>\n<p lang=\"en-US\"><span style=\"font-family: Times New Roman, serif;\"><span style=\"font-size: medium;\">Comme le souligne le professeur Tomasz Ferenc, commissaire charg\u00e9 de la concurrence, l&rsquo;intention de l&rsquo;\u00e9v\u00e9nement est de \u00ab\u00a0visualiser, interpr\u00e9ter et actualiser l&rsquo;id\u00e9e d\u00e9pos\u00e9e dans la devise de l&rsquo;Universit\u00e9 de \u0141\u00f3d\u017a, et ainsi d&rsquo;imaginer et de red\u00e9finir les valeurs sur lesquelles l&rsquo;Universit\u00e9 de \u0141\u00f3d\u017a a \u00e9t\u00e9 fond\u00e9e\u00a0\u00bb.<\/span><\/span><\/p>\n<p lang=\"en-US\"><span style=\"font-family: Times New Roman, serif;\"><span style=\"font-size: medium;\">Le concours est ouvert et il n&rsquo;y a donc aucune restriction \u00e0 la participation. L&rsquo;objectif est de cr\u00e9er une plateforme aussi large que possible, qui mettra en relation des artistes-photographes de toute la Pologne travaillant dans diff\u00e9rents styles et genres de photographie.<\/span><\/span><\/p>\n<p lang=\"en-US\"><span style=\"font-family: Times New Roman, serif;\"><span style=\"font-size: medium;\">Les personnes int\u00e9ress\u00e9es peuvent envoyer leurs photos jusqu&rsquo;au 10 mai \u00e0 konkurs.foto@uni.lodz.pl. Le prix principal est de 5000 PLN.<\/span><\/span><\/p>\n","protected":false},"excerpt":{"rendered":"<p>\u00c0 l&rsquo;occasion de son 75e anniversaire, l&rsquo;Universit\u00e9 de Lodz (U\u0141) organise un concours photographique national dont le th\u00e8me principal est la devise de l&rsquo;Universit\u00e9 de Lodz : \u00ab\u00a0Veritas et Libertas\u00a0\u00bb (\u00ab\u00a0V\u00e9rit\u00e9 et libert\u00e9\u00a0\u00bb). Comme le souligne le professeur Tomasz Ferenc, commissaire charg\u00e9 de la concurrence, l&rsquo;intention de l&rsquo;\u00e9v\u00e9nement est de \u00ab\u00a0visualiser, interpr\u00e9ter et actualiser l&rsquo;id\u00e9e [&hellip;]<\/p>\n","protected":false},"author":11,"featured_media":0,"comment_status":"closed","ping_status":"closed","sticky":false,"template":"","format":"standard","meta":[],"categories":[41],"tags":[],"_links":{"self":[{"href":"https:\/\/www.polishscience.pl\/fr\/wp-json\/wp\/v2\/posts\/116788"}],"collection":[{"href":"https:\/\/www.polishscience.pl\/fr\/wp-json\/wp\/v2\/posts"}],"about":[{"href":"https:\/\/www.polishscience.pl\/fr\/wp-json\/wp\/v2\/types\/post"}],"author":[{"embeddable":true,"href":"https:\/\/www.polishscience.pl\/fr\/wp-json\/wp\/v2\/users\/11"}],"replies":[{"embeddable":true,"href":"https:\/\/www.polishscience.pl\/fr\/wp-json\/wp\/v2\/comments?post=116788"}],"version-history":[{"count":0,"href":"https:\/\/www.polishscience.pl\/fr\/wp-json\/wp\/v2\/posts\/116788\/revisions"}],"wp:attachment":[{"href":"https:\/\/www.polishscience.pl\/fr\/wp-json\/wp\/v2\/media?parent=116788"}],"wp:term":[{"taxonomy":"category","embeddable":true,"href":"https:\/\/www.polishscience.pl\/fr\/wp-json\/wp\/v2\/categories?post=116788"},{"taxonomy":"post_tag","embeddable":true,"href":"https:\/\/www.polishscience.pl\/fr\/wp-json\/wp\/v2\/tags?post=116788"}],"curies":[{"name":"wp","href":"https:\/\/api.w.org\/{rel}","templated":true}]}}