{"id":116572,"date":"2020-02-24T15:22:34","date_gmt":"2020-02-24T14:22:34","guid":{"rendered":"http:\/\/polishscience.pl\/?p=116572"},"modified":"2020-02-24T15:22:34","modified_gmt":"2020-02-24T14:22:34","slug":"la-conference-internationale-leducation-de-lenfant-en-termes-historiques-a-gorzow-wielkopolski","status":"publish","type":"post","link":"https:\/\/www.polishscience.pl\/fr\/la-conference-internationale-leducation-de-lenfant-en-termes-historiques-a-gorzow-wielkopolski\/","title":{"rendered":"La conf\u00e9rence internationale \u00ab\u00a0L&rsquo;\u00e9ducation de l&rsquo;enfant en termes historiques\u00a0\u00bb \u00e0 Gorz\u00f3w Wielkopolski"},"content":{"rendered":"<p><strong>Le D\u00e9partement de l&rsquo;\u00e9ducation des enfants de la Facult\u00e9 des sciences humaines, le Centre euro-r\u00e9gional de recherche acad\u00e9mique et le Centre acad\u00e9mique d&rsquo;\u00e9tudes ukrainiennes de l&rsquo;Acad\u00e9mie James Parady\u017c \u00e0 Gorz\u00f3w Wielkopolski et le D\u00e9partement des sciences sociales et humaines de l&rsquo;Universit\u00e9 de m\u00e9decine de Pozna\u0144 invitent le 11 mai \u00e0 la Conf\u00e9rence scientifique internationale interdisciplinaire \u00ab\u00a0L&rsquo;\u00e9ducation d&rsquo;un enfant en termes historiques\u00a0\u00bb.<\/strong><\/p>\n<p>L&rsquo;objectif de la conf\u00e9rence est de pr\u00e9senter les diff\u00e9rentes formes et m\u00e9thodes d&rsquo;enseignement, les syst\u00e8mes philosophiques, ainsi que les \u00e9coles et les centres li\u00e9s \u00e0 l&rsquo;\u00e9ducation des enfants sains et malades tout au long de l&rsquo;histoire &#8211; tant en Pologne que dans le monde.<\/p>\n<p>L&rsquo;\u00e9v\u00e9nement s&rsquo;adresse aux \u00e9ducateurs, psychologues, historiens, linguistes, experts litt\u00e9raires, philosophes, enseignants, praticiens et chercheurs int\u00e9ress\u00e9s par les questions d&rsquo;\u00e9ducation des enfants \u2013 informent les organisateurs sur le site de l&rsquo;Acad\u00e9mie.<\/p>\n","protected":false},"excerpt":{"rendered":"<p>Le D\u00e9partement de l&rsquo;\u00e9ducation des enfants de la Facult\u00e9 des sciences humaines, le Centre euro-r\u00e9gional de recherche acad\u00e9mique et le Centre acad\u00e9mique d&rsquo;\u00e9tudes ukrainiennes de l&rsquo;Acad\u00e9mie James Parady\u017c \u00e0 Gorz\u00f3w Wielkopolski et le D\u00e9partement des sciences sociales et humaines de l&rsquo;Universit\u00e9 de m\u00e9decine de Pozna\u0144 invitent le 11 mai \u00e0 la Conf\u00e9rence scientifique internationale interdisciplinaire [&hellip;]<\/p>\n","protected":false},"author":11,"featured_media":0,"comment_status":"closed","ping_status":"closed","sticky":false,"template":"","format":"standard","meta":[],"categories":[41],"tags":[],"_links":{"self":[{"href":"https:\/\/www.polishscience.pl\/fr\/wp-json\/wp\/v2\/posts\/116572"}],"collection":[{"href":"https:\/\/www.polishscience.pl\/fr\/wp-json\/wp\/v2\/posts"}],"about":[{"href":"https:\/\/www.polishscience.pl\/fr\/wp-json\/wp\/v2\/types\/post"}],"author":[{"embeddable":true,"href":"https:\/\/www.polishscience.pl\/fr\/wp-json\/wp\/v2\/users\/11"}],"replies":[{"embeddable":true,"href":"https:\/\/www.polishscience.pl\/fr\/wp-json\/wp\/v2\/comments?post=116572"}],"version-history":[{"count":0,"href":"https:\/\/www.polishscience.pl\/fr\/wp-json\/wp\/v2\/posts\/116572\/revisions"}],"wp:attachment":[{"href":"https:\/\/www.polishscience.pl\/fr\/wp-json\/wp\/v2\/media?parent=116572"}],"wp:term":[{"taxonomy":"category","embeddable":true,"href":"https:\/\/www.polishscience.pl\/fr\/wp-json\/wp\/v2\/categories?post=116572"},{"taxonomy":"post_tag","embeddable":true,"href":"https:\/\/www.polishscience.pl\/fr\/wp-json\/wp\/v2\/tags?post=116572"}],"curies":[{"name":"wp","href":"https:\/\/api.w.org\/{rel}","templated":true}]}}